{"id":176,"date":"2026-01-27T01:59:59","date_gmt":"2026-01-27T00:59:59","guid":{"rendered":"https:\/\/www.locmachine.fr\/blog\/?p=176"},"modified":"2026-01-27T01:59:59","modified_gmt":"2026-01-27T00:59:59","slug":"location-nacelle-paris-guide-complet-2026-des-tarifs-permis-et-reglementation","status":"publish","type":"post","link":"https:\/\/www.locmachine.fr\/blog\/location-nacelle-paris-guide-complet-2026-des-tarifs-permis-et-reglementation\/","title":{"rendered":"Location Nacelle Paris : Guide Complet 2026 des Tarifs, Permis et R\u00e9glementation"},"content":{"rendered":"\n<p>La location de nacelle \u00e9l\u00e9vatrice \u00e0 Paris conna\u00eet une forte demande en 2026, port\u00e9e par l&rsquo;intensification des travaux de r\u00e9novation urbaine et les projets d&rsquo;infrastructure. Que vous soyez professionnel du BTP, gestionnaire d&rsquo;immeuble ou entrepreneur, comprendre les tarifs, les obligations l\u00e9gales et la r\u00e9glementation applicable est essentiel pour mener vos travaux en hauteur en toute conformit\u00e9.<\/p>\n\n\n\n<h2 class=\"wp-block-heading\">Table des Mati\u00e8res<\/h2>\n\n\n\n<ul class=\"wp-block-list\">\n<li><a href=\"#quest-ce-quune-nacelle-\u00e9l\u00e9vatrice-et-pourquoi-la-louer-\u00e0-paris\">Qu&rsquo;est-ce qu&rsquo;une nacelle \u00e9l\u00e9vatrice et pourquoi la louer \u00e0 Paris ?<\/a><\/li>\n\n\n\n<li><a href=\"#les-diff\u00e9rents-types-de-nacelles-disponibles-en-location\">Les diff\u00e9rents types de nacelles disponibles en location<\/a><\/li>\n\n\n\n<li><a href=\"#tarifs-de-location-nacelle-\u00e0-paris-en-2026\">Tarifs de location nacelle \u00e0 Paris en 2026<\/a><\/li>\n\n\n\n<li><a href=\"#caces-r486-le-permis-obligatoire-pour-conduire-une-nacelle\">CACES R486 : le permis obligatoire pour conduire une nacelle<\/a><\/li>\n\n\n\n<li><a href=\"#r\u00e9glementation-sp\u00e9cifique-\u00e0-paris-pour-lutilisation-de-nacelles\">R\u00e9glementation sp\u00e9cifique \u00e0 Paris pour l&rsquo;utilisation de nacelles<\/a><\/li>\n\n\n\n<li><a href=\"#comment-choisir-le-bon-prestataire-de-location\">Comment choisir le bon prestataire de location<\/a><\/li>\n<\/ul>\n\n\n\n<h2 class=\"wp-block-heading\">Qu&rsquo;est-ce qu&rsquo;une nacelle \u00e9l\u00e9vatrice et pourquoi la louer \u00e0 Paris ?<\/h2>\n\n\n\n<p>Une nacelle \u00e9l\u00e9vatrice, \u00e9galement appel\u00e9e PEMP (Plateforme \u00c9l\u00e9vatrice Mobile de Personnes), est un \u00e9quipement de travail permettant d&rsquo;acc\u00e9der en toute s\u00e9curit\u00e9 \u00e0 des zones en hauteur. Dans le contexte urbain parisien, ces engins sont devenus indispensables pour de nombreux secteurs d&rsquo;activit\u00e9.<\/p>\n\n\n\n<p><strong>Les applications courantes \u00e0 Paris incluent :<\/strong><\/p>\n\n\n\n<ul class=\"wp-block-list\">\n<li>R\u00e9novation de fa\u00e7ades d&rsquo;immeubles haussmanniens<\/li>\n\n\n\n<li>Maintenance d&rsquo;\u00e9clairage public et de signalisation<\/li>\n\n\n\n<li>Travaux d&rsquo;\u00e9lagage et d&rsquo;entretien d&rsquo;espaces verts<\/li>\n\n\n\n<li>Installation et maintenance de syst\u00e8mes de climatisation<\/li>\n\n\n\n<li>Nettoyage de vitres en hauteur<\/li>\n\n\n\n<li>Travaux de toiture et de charpente<\/li>\n<\/ul>\n\n\n\n<p>\ud83d\udcca <strong>45 000 accidents par an dont 76 d\u00e9c\u00e8s<\/strong> &#8211; Accidents li\u00e9s aux chutes de hauteur en France<\/p>\n\n\n\n<p>La location pr\u00e9sente plusieurs avantages par rapport \u00e0 l&rsquo;achat, notamment pour les entreprises parisiennes confront\u00e9es aux contraintes d&rsquo;espace et de stockage. Elle permet une flexibilit\u00e9 totale selon les besoins ponctuels des chantiers, sans immobiliser de capital important.<\/p>\n\n\n\n<figure class=\"wp-block-image\"><img decoding=\"async\" src=\"https:\/\/limova-public-v2.s3.eu-central-1.amazonaws.com\/blog-images\/blog-image-1769475252258-wi9liksd.jpeg\" alt=\"Nacelle \u00e9l\u00e9vatrice articul\u00e9e en action sur un chantier parisien avec immeubles haussmanniens en arri\u00e8re-plan\"\/><\/figure>\n\n\n\n<h2 class=\"wp-block-heading\">Les diff\u00e9rents types de nacelles disponibles en location<\/h2>\n\n\n\n<p>Le march\u00e9 parisien propose une large gamme de nacelles adapt\u00e9es aux contraintes urbaines sp\u00e9cifiques de la capitale. Chaque type r\u00e9pond \u00e0 des besoins pr\u00e9cis en termes de hauteur de travail, d&rsquo;encombrement et d&rsquo;accessibilit\u00e9.<\/p>\n\n\n\n<h3 class=\"wp-block-heading\">Comparaison des principaux types de nacelles<\/h3>\n\n\n\n<figure class=\"wp-block-table\"><table class=\"has-fixed-layout\"><thead><tr><th>Type de nacelle<\/th><th>Hauteur de travail<\/th><th>Avantages<\/th><th>Usage recommand\u00e9 \u00e0 Paris<\/th><\/tr><\/thead><tbody><tr><td>Nacelle ciseaux \u00e9lectrique<\/td><td>6 \u00e0 14 m\u00e8tres<\/td><td>Compacte, silencieuse, id\u00e9ale int\u00e9rieur<\/td><td>Travaux en b\u00e2timent, halls, entrep\u00f4ts<\/td><\/tr><tr><td>Nacelle articul\u00e9e \u00e9lectrique<\/td><td>12 \u00e0 16 m\u00e8tres<\/td><td>Franchissement d&rsquo;obstacles, pr\u00e9cision<\/td><td>Fa\u00e7ades, zones encombr\u00e9es<\/td><\/tr><tr><td>Nacelle articul\u00e9e thermique<\/td><td>15 \u00e0 22 m\u00e8tres<\/td><td>Grande hauteur, ext\u00e9rieur<\/td><td>Grands chantiers, voirie<\/td><\/tr><tr><td>Nacelle t\u00e9lescopique<\/td><td>10 \u00e0 23 m\u00e8tres<\/td><td>Port\u00e9e horizontale importante<\/td><td>Travaux en hauteur avec distance<\/td><\/tr><tr><td>Nacelle \u00e0 m\u00e2t vertical<\/td><td>8 \u00e0 13 m\u00e8tres<\/td><td>Ultra-compacte, maniable<\/td><td>Espaces restreints, couloirs<\/td><\/tr><\/tbody><\/table><\/figure>\n\n\n\n<p>Les nacelles \u00e9lectriques sont particuli\u00e8rement pris\u00e9es dans Paris intra-muros en raison des restrictions environnementales croissantes et des normes anti-pollution. Elles permettent de travailler en int\u00e9rieur sans \u00e9mission de gaz d&rsquo;\u00e9chappement et r\u00e9duisent consid\u00e9rablement les nuisances sonores, un crit\u00e8re essentiel dans les zones r\u00e9sidentielles denses.<\/p>\n\n\n\n<blockquote class=\"wp-block-quote is-layout-flow wp-block-quote-is-layout-flow\">\n<p>\u00ab\u00a0Les nacelles doivent \u00eatre \u00e9quip\u00e9es de dispositifs de s\u00e9curit\u00e9 conformes aux normes europ\u00e9ennes CE EN 280\u00a0\u00bb<br>\u2014 R\u00e9glementation europ\u00e9enne<\/p>\n<\/blockquote>\n\n\n\n<h2 class=\"wp-block-heading\">Tarifs de location nacelle \u00e0 Paris en 2026<\/h2>\n\n\n\n<p>Les tarifs de location varient consid\u00e9rablement selon plusieurs facteurs : le type d&rsquo;\u00e9quipement, la dur\u00e9e de location, la hauteur de travail et les services associ\u00e9s (livraison, formation, assistance technique).<\/p>\n\n\n\n<h3 class=\"wp-block-heading\">Grille tarifaire indicative pour Paris et \u00cele-de-France<\/h3>\n\n\n\n<figure class=\"wp-block-table\"><table class=\"has-fixed-layout\"><thead><tr><th>Type de nacelle<\/th><th>Tarif journalier<\/th><th>Tarif semaine<\/th><th>Tarif mensuel<\/th><\/tr><\/thead><tbody><tr><td>Nacelle ciseaux 8m<\/td><td>150 &#8211; 200 \u20ac<\/td><td>600 &#8211; 800 \u20ac<\/td><td>1 800 &#8211; 2 400 \u20ac<\/td><\/tr><tr><td>Nacelle ciseaux 12m<\/td><td>200 &#8211; 280 \u20ac<\/td><td>800 &#8211; 1 100 \u20ac<\/td><td>2 400 &#8211; 3 300 \u20ac<\/td><\/tr><tr><td>Nacelle articul\u00e9e 16m<\/td><td>250 &#8211; 350 \u20ac<\/td><td>1 000 &#8211; 1 400 \u20ac<\/td><td>3 000 &#8211; 4 200 \u20ac<\/td><\/tr><tr><td>Nacelle articul\u00e9e 20m+<\/td><td>350 &#8211; 400 \u20ac<\/td><td>1 400 &#8211; 1 600 \u20ac<\/td><td>4 200 &#8211; 4 800 \u20ac<\/td><\/tr><\/tbody><\/table><\/figure>\n\n\n\n<p><strong>\u00c9l\u00e9ments inclus dans la location :<\/strong><\/p>\n\n\n\n<ul class=\"wp-block-list\">\n<li>Assurance responsabilit\u00e9 civile de l&rsquo;\u00e9quipement<\/li>\n\n\n\n<li>Maintenance pr\u00e9ventive et v\u00e9rifications r\u00e9glementaires<\/li>\n\n\n\n<li>Assistance technique en cas de panne<\/li>\n\n\n\n<li>Livraison et reprise sur site (variable selon distance)<\/li>\n<\/ul>\n\n\n\n<p><strong>Co\u00fbts suppl\u00e9mentaires \u00e0 pr\u00e9voir :<\/strong><\/p>\n\n\n\n<ul class=\"wp-block-list\">\n<li>Caution : g\u00e9n\u00e9ralement entre 1 000 \u20ac et 3 000 \u20ac selon le mod\u00e8le<\/li>\n\n\n\n<li>Livraison : 80 \u20ac \u00e0 200 \u20ac selon l&rsquo;arrondissement et l&rsquo;accessibilit\u00e9<\/li>\n\n\n\n<li>Carburant pour les mod\u00e8les thermiques<\/li>\n\n\n\n<li>Autorisation de stationnement ou d&rsquo;occupation du domaine public parisien<\/li>\n<\/ul>\n\n\n\n<p>\ud83d\udcca <strong>30 000 \u20ac<\/strong> &#8211; Budget location nacelle pour les march\u00e9s publics 2025-2026<\/p>\n\n\n\n<p>Les professionnels recommandent de privil\u00e9gier la location \u00e0 la semaine ou au mois pour optimiser les co\u00fbts, le tarif journalier \u00e9tant proportionnellement plus \u00e9lev\u00e9. De nombreux loueurs proposent des devis personnalis\u00e9s incluant kilom\u00e9trage et options sp\u00e9cifiques adapt\u00e9es aux contraintes des chantiers parisiens.<\/p>\n\n\n\n<h2 class=\"wp-block-heading\">CACES R486 : le permis obligatoire pour conduire une nacelle<\/h2>\n\n\n\n<p>Depuis la r\u00e9forme de 2020, le CACES R486 est devenu la certification obligatoire pour toute personne amen\u00e9e \u00e0 conduire une PEMP (Plateforme \u00c9l\u00e9vatrice Mobile de Personnes). Cette exigence l\u00e9gale vise \u00e0 r\u00e9duire drastiquement les accidents li\u00e9s aux travaux en hauteur, qui repr\u00e9sentent une part importante des accidents graves dans le secteur du BTP.<\/p>\n\n\n\n<h3 class=\"wp-block-heading\">Les cat\u00e9gories du CACES R486<\/h3>\n\n\n\n<p>La recommandation R486 de la CNAMTS distingue plusieurs cat\u00e9gories selon le type de nacelle :<\/p>\n\n\n\n<p><strong>Cat\u00e9gorie A &#8211; PEMP du groupe A :<\/strong><\/p>\n\n\n\n<ul class=\"wp-block-list\">\n<li>\u00c9l\u00e9vation verticale uniquement (nacelles ciseaux)<\/li>\n\n\n\n<li>Hauteur de travail jusqu&rsquo;\u00e0 12 m\u00e8tres g\u00e9n\u00e9ralement<\/li>\n\n\n\n<li>Formation : 2 \u00e0 3 jours<\/li>\n<\/ul>\n\n\n\n<p><strong>Cat\u00e9gorie B &#8211; PEMP du groupe B :<\/strong><\/p>\n\n\n\n<ul class=\"wp-block-list\">\n<li>\u00c9l\u00e9vation multidirectionnelle (nacelles articul\u00e9es et t\u00e9lescopiques)<\/li>\n\n\n\n<li>D\u00e9placement du panier dans toutes les directions<\/li>\n\n\n\n<li>Formation : 3 \u00e0 4 jours<\/li>\n<\/ul>\n\n\n\n<p><strong>Cat\u00e9gorie C &#8211; PEMP hors production :<\/strong><\/p>\n\n\n\n<ul class=\"wp-block-list\">\n<li>Utilisation occasionnelle ou maintenance<\/li>\n\n\n\n<li>Formation simplifi\u00e9e : 1 \u00e0 2 jours<\/li>\n<\/ul>\n\n\n\n<h3 class=\"wp-block-heading\">Processus d&rsquo;obtention du CACES R486<\/h3>\n\n\n\n<ol class=\"wp-block-list\">\n<li><strong>Formation th\u00e9orique<\/strong> : connaissance de la r\u00e9glementation, des r\u00e8gles de s\u00e9curit\u00e9, des risques et des proc\u00e9dures<\/li>\n\n\n\n<li><strong>Formation pratique<\/strong> : manipulation de l&rsquo;engin, man\u0153uvres, v\u00e9rifications journali\u00e8res<\/li>\n\n\n\n<li><strong>\u00c9valuation<\/strong> : tests th\u00e9oriques et pratiques par un organisme testeur certifi\u00e9<\/li>\n\n\n\n<li><strong>D\u00e9livrance<\/strong> : certificat valable 5 ans<\/li>\n<\/ol>\n\n\n\n<blockquote class=\"wp-block-quote is-layout-flow wp-block-quote-is-layout-flow\">\n<p>\u00ab\u00a0La formation en plateformes \u00e9l\u00e9vatrices mobiles de personne (PEMP) est obligatoire selon les articles R4323-55 et R4323-56 du code du travail\u00a0\u00bb<br>\u2014 Code du travail fran\u00e7ais<\/p>\n<\/blockquote>\n\n\n\n<p><strong>Co\u00fbt moyen de la formation CACES R486 \u00e0 Paris :<\/strong><\/p>\n\n\n\n<ul class=\"wp-block-list\">\n<li>Cat\u00e9gorie A : 400 \u00e0 600 \u20ac<\/li>\n\n\n\n<li>Cat\u00e9gorie B : 600 \u00e0 900 \u20ac<\/li>\n\n\n\n<li>Cat\u00e9gories A + B : 900 \u00e0 1 200 \u20ac<\/li>\n<\/ul>\n\n\n\n<p>Au-del\u00e0 du CACES, l&#8217;employeur doit \u00e9galement d\u00e9livrer une <strong>autorisation de conduite<\/strong> sp\u00e9cifique \u00e0 chaque conducteur, apr\u00e8s avoir v\u00e9rifi\u00e9 son aptitude m\u00e9dicale et \u00e9valu\u00e9 ses comp\u00e9tences sur le mat\u00e9riel utilis\u00e9 dans l&rsquo;entreprise.<\/p>\n\n\n\n<h3 class=\"wp-block-heading\">Recyclage et mise \u00e0 jour<\/h3>\n\n\n\n<p>Le CACES R486 doit \u00eatre renouvel\u00e9 tous les 5 ans. Un recyclage est n\u00e9cessaire pour maintenir les comp\u00e9tences \u00e0 jour et int\u00e9grer les \u00e9volutions r\u00e9glementaires. De nombreux organismes de formation \u00e0 Paris et en \u00cele-de-France proposent des sessions r\u00e9guli\u00e8res adapt\u00e9es aux professionnels.<\/p>\n\n\n\n<h2 class=\"wp-block-heading\">R\u00e9glementation sp\u00e9cifique \u00e0 Paris pour l&rsquo;utilisation de nacelles<\/h2>\n\n\n\n<p>L&rsquo;utilisation de nacelles \u00e9l\u00e9vatrices dans la capitale fran\u00e7aise est soumise \u00e0 une r\u00e9glementation stricte qui combine les exigences nationales du Code du travail et les sp\u00e9cificit\u00e9s municipales parisiennes.<\/p>\n\n\n\n<h3 class=\"wp-block-heading\">Autorisations administratives obligatoires<\/h3>\n\n\n\n<p><strong>1. Autorisation d&rsquo;occupation du domaine public<\/strong><\/p>\n\n\n\n<p>Pour stationner une nacelle sur la voie publique parisienne, vous devez obtenir une autorisation pr\u00e9alable aupr\u00e8s de la Mairie de Paris :<\/p>\n\n\n\n<ul class=\"wp-block-list\">\n<li>D\u00e9lai de demande : minimum 15 jours avant le d\u00e9but des travaux<\/li>\n\n\n\n<li>Co\u00fbt : variable selon l&rsquo;arrondissement et la dur\u00e9e (50 \u20ac \u00e0 200 \u20ac par jour)<\/li>\n\n\n\n<li>Documents requis : plan d&rsquo;installation, attestation d&rsquo;assurance, CACES du conducteur<\/li>\n<\/ul>\n\n\n\n<p><strong>2. D\u00e9claration de travaux en hauteur<\/strong><\/p>\n\n\n\n<p>Selon la nature et l&rsquo;ampleur des travaux, une d\u00e9claration pr\u00e9alable peut \u00eatre exig\u00e9e, notamment pour :<\/p>\n\n\n\n<ul class=\"wp-block-list\">\n<li>Les fa\u00e7ades d&rsquo;immeubles class\u00e9s ou situ\u00e9s dans un p\u00e9rim\u00e8tre prot\u00e9g\u00e9<\/li>\n\n\n\n<li>Les travaux \u00e0 proximit\u00e9 de monuments historiques<\/li>\n\n\n\n<li>Les interventions n\u00e9cessitant une modification temporaire de la circulation<\/li>\n<\/ul>\n\n\n\n<p><strong>3. Respect des horaires de chantier<\/strong><\/p>\n\n\n\n<p>Paris impose des restrictions horaires strictes pour limiter les nuisances :<\/p>\n\n\n\n<ul class=\"wp-block-list\">\n<li>Jours ouvrables : 7h00 &#8211; 20h00<\/li>\n\n\n\n<li>Samedi : 8h00 &#8211; 19h00<\/li>\n\n\n\n<li>Dimanche et jours f\u00e9ri\u00e9s : travaux interdits (sauf d\u00e9rogation exceptionnelle)<\/li>\n<\/ul>\n\n\n\n<h3 class=\"wp-block-heading\">Normes de s\u00e9curit\u00e9 et conformit\u00e9 technique<\/h3>\n\n\n\n<p>Les nacelles utilis\u00e9es \u00e0 Paris doivent respecter les normes europ\u00e9ennes CE EN 280 et faire l&rsquo;objet de v\u00e9rifications r\u00e9guli\u00e8res :<\/p>\n\n\n\n<ul class=\"wp-block-list\">\n<li><strong>V\u00e9rification initiale<\/strong> avant la premi\u00e8re mise en service<\/li>\n\n\n\n<li><strong>V\u00e9rification g\u00e9n\u00e9rale p\u00e9riodique<\/strong> tous les 6 mois minimum<\/li>\n\n\n\n<li><strong>V\u00e9rification de remise en service<\/strong> apr\u00e8s modification ou accident<\/li>\n\n\n\n<li><strong>V\u00e9rifications journali\u00e8res<\/strong> par le conducteur avant utilisation<\/li>\n<\/ul>\n\n\n\n<p>\ud83d\udcca <strong>100% obligatoire<\/strong> &#8211; Conformit\u00e9 aux normes CE EN 280<\/p>\n\n\n\n<h3 class=\"wp-block-heading\">Contraintes urbaines parisiennes<\/h3>\n\n\n\n<p>L&rsquo;environnement urbain dense de Paris impose des d\u00e9fis sp\u00e9cifiques :<\/p>\n\n\n\n<ul class=\"wp-block-list\">\n<li><strong>Accessibilit\u00e9 limit\u00e9e<\/strong> : rues \u00e9troites, pav\u00e9s, circulation dense<\/li>\n\n\n\n<li><strong>Protection du patrimoine<\/strong> : pr\u00e9cautions accrues pr\u00e8s des b\u00e2timents historiques<\/li>\n\n\n\n<li><strong>Stationnement<\/strong> : zones de livraison et emplacements r\u00e9serv\u00e9s souvent satur\u00e9s<\/li>\n\n\n\n<li><strong>Coordination<\/strong> : synchronisation avec les services municipaux et les riverains<\/li>\n<\/ul>\n\n\n\n<p>Les entreprises doivent anticiper ces contraintes en choisissant des nacelles compactes et en planifiant minutieusement la logistique d&rsquo;acc\u00e8s au chantier.<\/p>\n\n\n\n<h2 class=\"wp-block-heading\">Comment choisir le bon prestataire de location<\/h2>\n\n\n\n<p>Le choix d&rsquo;un loueur de nacelles \u00e0 Paris doit s&rsquo;appuyer sur plusieurs crit\u00e8res de qualit\u00e9 et de fiabilit\u00e9 pour garantir la r\u00e9ussite de votre projet et votre conformit\u00e9 r\u00e9glementaire.<\/p>\n\n\n\n<h3 class=\"wp-block-heading\">Crit\u00e8res de s\u00e9lection essentiels<\/h3>\n\n\n\n<p><strong>1. Parc mat\u00e9riel et disponibilit\u00e9<\/strong><\/p>\n\n\n\n<ul class=\"wp-block-list\">\n<li>Gamme vari\u00e9e de nacelles adapt\u00e9es aux contraintes parisiennes<\/li>\n\n\n\n<li>\u00c9quipements r\u00e9cents et bien entretenus (moins de 5 ans id\u00e9alement)<\/li>\n\n\n\n<li>Stock suffisant pour garantir la disponibilit\u00e9 aux dates souhait\u00e9es<\/li>\n<\/ul>\n\n\n\n<p><strong>2. Certifications et conformit\u00e9<\/strong><\/p>\n\n\n\n<ul class=\"wp-block-list\">\n<li>Certifications ISO 9001 (qualit\u00e9) et ISO 14001 (environnement)<\/li>\n\n\n\n<li>V\u00e9rifications r\u00e9glementaires \u00e0 jour avec documentation accessible<\/li>\n\n\n\n<li>Assurances professionnelles couvrant responsabilit\u00e9 civile et dommages<\/li>\n<\/ul>\n\n\n\n<p><strong>3. Services compl\u00e9mentaires<\/strong><\/p>\n\n\n\n<ul class=\"wp-block-list\">\n<li>Formation CACES R486 sur site ou en centre<\/li>\n\n\n\n<li>Assistance technique 24h\/24 en cas de panne<\/li>\n\n\n\n<li>Livraison rapide et flexible selon les contraintes du chantier<\/li>\n\n\n\n<li>Accompagnement dans les d\u00e9marches administratives parisiennes<\/li>\n<\/ul>\n\n\n\n<p><strong>4. Transparence tarifaire<\/strong><\/p>\n\n\n\n<ul class=\"wp-block-list\">\n<li>Devis d\u00e9taill\u00e9 incluant tous les frais (livraison, assurance, carburant)<\/li>\n\n\n\n<li>Conditions de location claires (dur\u00e9e minimale, p\u00e9nalit\u00e9s, caution)<\/li>\n\n\n\n<li>Pas de frais cach\u00e9s ou de surco\u00fbts inattendus<\/li>\n<\/ul>\n\n\n\n<p><strong>5. R\u00e9putation et r\u00e9f\u00e9rences<\/strong><\/p>\n\n\n\n<ul class=\"wp-block-list\">\n<li>Avis clients v\u00e9rifi\u00e9s et t\u00e9moignages<\/li>\n\n\n\n<li>Exp\u00e9rience av\u00e9r\u00e9e sur des chantiers parisiens similaires<\/li>\n\n\n\n<li>R\u00e9activit\u00e9 du service client et qualit\u00e9 du suivi<\/li>\n<\/ul>\n\n\n\n<h3 class=\"wp-block-heading\">Questions \u00e0 poser au loueur<\/h3>\n\n\n\n<p>Avant de signer un contrat de location, assurez-vous d&rsquo;obtenir des r\u00e9ponses pr\u00e9cises sur :<\/p>\n\n\n\n<ul class=\"wp-block-list\">\n<li>La date de derni\u00e8re v\u00e9rification g\u00e9n\u00e9rale p\u00e9riodique de l&rsquo;\u00e9quipement<\/li>\n\n\n\n<li>Les modalit\u00e9s d&rsquo;intervention en cas de panne (d\u00e9lai, remplacement)<\/li>\n\n\n\n<li>Les conditions d&rsquo;annulation ou de modification de la r\u00e9servation<\/li>\n\n\n\n<li>L&rsquo;assistance pour l&rsquo;obtention des autorisations municipales<\/li>\n\n\n\n<li>La disponibilit\u00e9 d&rsquo;un conducteur avec CACES si n\u00e9cessaire<\/li>\n<\/ul>\n\n\n\n<p>Un bon prestataire doit \u00eatre capable de vous conseiller sur le choix du mat\u00e9riel le plus adapt\u00e9 \u00e0 vos besoins sp\u00e9cifiques et aux contraintes de votre chantier parisien.<\/p>\n\n\n\n<h2 class=\"wp-block-heading\">Questions Fr\u00e9quentes (FAQ)<\/h2>\n\n\n\n<h3 class=\"wp-block-heading\">Puis-je louer une nacelle sans avoir le CACES R486 ?<\/h3>\n\n\n\n<p>Non, la conduite d&rsquo;une nacelle \u00e9l\u00e9vatrice n\u00e9cessite obligatoirement le CACES R486 correspondant \u00e0 la cat\u00e9gorie de l&rsquo;engin. Certains loueurs proposent n\u00e9anmoins une location avec conducteur qualifi\u00e9, solution pratique pour les besoins ponctuels. Dans ce cas, le tarif inclut la prestation du conducteur certifi\u00e9, ce qui augmente le co\u00fbt journalier de 200 \u00e0 400 \u20ac suppl\u00e9mentaires.<\/p>\n\n\n\n<h3 class=\"wp-block-heading\">Combien de temps \u00e0 l&rsquo;avance dois-je r\u00e9server une nacelle \u00e0 Paris ?<\/h3>\n\n\n\n<p>Pour les p\u00e9riodes de forte activit\u00e9 (printemps et \u00e9t\u00e9), il est recommand\u00e9 de r\u00e9server au moins 2 \u00e0 3 semaines \u00e0 l&rsquo;avance. Pour les besoins urgents, certains loueurs disposent d&rsquo;un service express avec disponibilit\u00e9 sous 24 \u00e0 48 heures, moyennant parfois un suppl\u00e9ment. N&rsquo;oubliez pas d&rsquo;int\u00e9grer le d\u00e9lai d&rsquo;obtention de l&rsquo;autorisation d&rsquo;occupation du domaine public (15 jours minimum).<\/p>\n\n\n\n<h3 class=\"wp-block-heading\">Quelle est la diff\u00e9rence entre le CACES et l&rsquo;autorisation de conduite ?<\/h3>\n\n\n\n<p>Le CACES R486 est un certificat d&rsquo;aptitude d\u00e9livr\u00e9 par un organisme testeur certifi\u00e9 apr\u00e8s formation et \u00e9valuation. Il atteste que le conducteur poss\u00e8de les connaissances th\u00e9oriques et pratiques n\u00e9cessaires. L&rsquo;autorisation de conduite, quant \u00e0 elle, est d\u00e9livr\u00e9e par l&#8217;employeur et valide l&rsquo;aptitude du salari\u00e9 \u00e0 conduire un \u00e9quipement sp\u00e9cifique dans le contexte de l&rsquo;entreprise. Les deux sont obligatoires et compl\u00e9mentaires.<\/p>\n\n\n\n<h3 class=\"wp-block-heading\">Quelles assurances couvrent l&rsquo;utilisation d&rsquo;une nacelle lou\u00e9e ?<\/h3>\n\n\n\n<p>Le contrat de location inclut g\u00e9n\u00e9ralement l&rsquo;assurance responsabilit\u00e9 civile de l&rsquo;\u00e9quipement lui-m\u00eame. Cependant, l&rsquo;entreprise locataire doit souscrire une assurance couvrant les dommages caus\u00e9s aux tiers, aux biens et aux personnes pendant l&rsquo;utilisation. V\u00e9rifiez \u00e9galement la franchise en cas de dommages \u00e0 la nacelle et les exclusions de garantie (utilisation non conforme, conducteur non certifi\u00e9).<\/p>\n\n\n\n<h3 class=\"wp-block-heading\">Peut-on utiliser une nacelle sur tous les types de sols parisiens ?<\/h3>\n\n\n\n<p>Non, le sol doit \u00eatre stable, plat et capable de supporter le poids de la nacelle en charge. Les pav\u00e9s parisiens, par exemple, peuvent poser probl\u00e8me pour certains mod\u00e8les lourds. Les nacelles sont \u00e9quip\u00e9es de stabilisateurs qui n\u00e9cessitent un appui ferme. Pour les sols fragiles ou irr\u00e9guliers, des plaques de r\u00e9partition peuvent \u00eatre n\u00e9cessaires. Le loueur doit \u00e9valuer la compatibilit\u00e9 du mat\u00e9riel avec les conditions du site.<\/p>\n\n\n\n<h2 class=\"wp-block-heading\">Chiffres Cl\u00e9s<\/h2>\n\n\n\n<p>\ud83d\udcca <strong>150 \u00e0 400 \u20ac<\/strong> : fourchette de tarifs journaliers pour la location d&rsquo;une nacelle \u00e0 Paris selon le mod\u00e8le (Source : March\u00e9 de la location 2026)<\/p>\n\n\n\n<p>\ud83c\udf93 <strong>5 ans<\/strong> : dur\u00e9e de validit\u00e9 du CACES R486 avant recyclage obligatoire (Source : CNAMTS)<\/p>\n\n\n\n<p>\u26a0\ufe0f <strong>45 000<\/strong> : nombre d&rsquo;accidents domestiques annuels en France li\u00e9s aux chutes de hauteur, dont 76 d\u00e9c\u00e8s (Source : Minist\u00e8re du Travail 2026)<\/p>\n\n\n\n<p>\ud83c\udfd7\ufe0f <strong>30 000 \u20ac<\/strong> : budget moyen allou\u00e9 \u00e0 la location de nacelles avec chauffeur pour les march\u00e9s publics 2025-2026 en \u00cele-de-France (Source : March\u00e9s en ligne)<\/p>\n\n\n\n<p>\ud83d\udccb <strong>15 jours<\/strong> : d\u00e9lai minimum pour obtenir une autorisation d&rsquo;occupation du domaine public \u00e0 Paris (Source : Mairie de Paris)<\/p>\n\n\n\n<h2 class=\"wp-block-heading\">Conclusion<\/h2>\n\n\n\n<p>La location de nacelle \u00e9l\u00e9vatrice \u00e0 Paris en 2026 n\u00e9cessite une pr\u00e9paration rigoureuse combinant conformit\u00e9 r\u00e9glementaire, ma\u00eetrise des co\u00fbts et respect des contraintes urbaines sp\u00e9cifiques. Le CACES R486 reste la pierre angulaire de la s\u00e9curit\u00e9, tandis que les autorisations municipales conditionnent la faisabilit\u00e9 op\u00e9rationnelle de vos projets.<\/p>\n\n\n\n<p>Pour optimiser votre investissement, privil\u00e9giez les locations \u00e0 la semaine ou au mois, anticipez les d\u00e9marches administratives et s\u00e9lectionnez un prestataire reconnu offrant un service complet. La s\u00e9curit\u00e9 ne doit jamais \u00eatre n\u00e9glig\u00e9e : un \u00e9quipement conforme aux normes CE EN 280 et un conducteur certifi\u00e9 sont les garanties minimales pour travailler en hauteur sereinement.<\/p>\n\n\n\n<p>Face \u00e0 l&rsquo;\u00e9volution constante de la r\u00e9glementation et aux exigences environnementales croissantes de la capitale, les nacelles \u00e9lectriques s&rsquo;imposent progressivement comme la solution d&rsquo;avenir pour les travaux en milieu urbain dense. Que vous soyez artisan, entreprise du BTP ou gestionnaire d&rsquo;infrastructure, investir dans la formation de vos \u00e9quipes et \u00e9tablir un partenariat durable avec un loueur fiable vous permettra de mener vos projets en hauteur avec efficacit\u00e9 et s\u00e9curit\u00e9.<\/p>\n","protected":false},"excerpt":{"rendered":"<p>La location de nacelle \u00e9l\u00e9vatrice \u00e0 Paris conna\u00eet une forte demande en 2026, port\u00e9e par l&rsquo;intensification des travaux de r\u00e9novation urbaine et les projets d&rsquo;infrastructure. Que vous soyez professionnel du BTP, gestionnaire d&rsquo;immeuble ou entrepreneur, comprendre les tarifs, les obligations l\u00e9gales et la r\u00e9glementation applicable est essentiel pour mener vos travaux en hauteur en toute [&hellip;]<\/p>\n","protected":false},"author":1,"featured_media":0,"comment_status":"open","ping_status":"open","sticky":false,"template":"","format":"standard","meta":{"footnotes":""},"categories":[1],"tags":[],"class_list":["post-176","post","type-post","status-publish","format-standard","hentry","category-non-classe"],"_links":{"self":[{"href":"https:\/\/www.locmachine.fr\/blog\/wp-json\/wp\/v2\/posts\/176","targetHints":{"allow":["GET"]}}],"collection":[{"href":"https:\/\/www.locmachine.fr\/blog\/wp-json\/wp\/v2\/posts"}],"about":[{"href":"https:\/\/www.locmachine.fr\/blog\/wp-json\/wp\/v2\/types\/post"}],"author":[{"embeddable":true,"href":"https:\/\/www.locmachine.fr\/blog\/wp-json\/wp\/v2\/users\/1"}],"replies":[{"embeddable":true,"href":"https:\/\/www.locmachine.fr\/blog\/wp-json\/wp\/v2\/comments?post=176"}],"version-history":[{"count":1,"href":"https:\/\/www.locmachine.fr\/blog\/wp-json\/wp\/v2\/posts\/176\/revisions"}],"predecessor-version":[{"id":177,"href":"https:\/\/www.locmachine.fr\/blog\/wp-json\/wp\/v2\/posts\/176\/revisions\/177"}],"wp:attachment":[{"href":"https:\/\/www.locmachine.fr\/blog\/wp-json\/wp\/v2\/media?parent=176"}],"wp:term":[{"taxonomy":"category","embeddable":true,"href":"https:\/\/www.locmachine.fr\/blog\/wp-json\/wp\/v2\/categories?post=176"},{"taxonomy":"post_tag","embeddable":true,"href":"https:\/\/www.locmachine.fr\/blog\/wp-json\/wp\/v2\/tags?post=176"}],"curies":[{"name":"wp","href":"https:\/\/api.w.org\/{rel}","templated":true}]}}