{"id":180,"date":"2026-04-28T23:20:27","date_gmt":"2026-04-28T21:20:27","guid":{"rendered":"https:\/\/www.locmachine.fr\/blog\/?p=180"},"modified":"2026-04-29T02:21:12","modified_gmt":"2026-04-29T00:21:12","slug":"location-de-nacelle-articulee-a-neuilly-sur-seine-renovation-de-facade-en-hauteur-reussie","status":"publish","type":"post","link":"https:\/\/www.locmachine.fr\/blog\/location-de-nacelle-articulee-a-neuilly-sur-seine-renovation-de-facade-en-hauteur-reussie\/","title":{"rendered":"Nacelle articul\u00e9e Manitou en location Paris IDF &#8211; Locmachine"},"content":{"rendered":"\n<figure class=\"wp-block-image\"><img decoding=\"async\" src=\"https:\/\/limova-public-v2.s3.eu-central-1.amazonaws.com\/blog-images\/blog-image-1777410492148-f0bbzu3v.jpeg\" alt=\"Nacelle articul\u00e9e en op\u00e9ration sur un chantier de r\u00e9novation de fa\u00e7ade \u00e0 Neuilly-sur-Seine, \u00cele-de-France \u2014 Locmachine, sp\u00e9cialiste de la location nacelle \u00e9l\u00e9vatrice Paris\"\/><\/figure>\n\n\n\n<p>En mars 2026, notre \u00e9quipe Locmachine est intervenue sur un chantier de\u00a0<strong>r\u00e9novation de fa\u00e7ade<\/strong>\u00a0en ile de france. La mission : fournir et op\u00e9rer une nacelle articul\u00e9e thermique de 28 m\u00e8tres pour permettre \u00e0 une entreprise de ravalement de traiter l&rsquo;int\u00e9gralit\u00e9 des \u00e9l\u00e9vations d&rsquo;un immeuble haussmannien de sept \u00e9tages, en bordure directe d&rsquo;une voie \u00e0 fort trafic. Un chantier comme nous en traitons r\u00e9guli\u00e8rement en\u00a0<strong>\u00cele-de-France<\/strong>\u00a0\u2014 mais qui illustre parfaitement pourquoi la\u00a0<strong>location nacelle \u00e9l\u00e9vatrice Paris<\/strong>\u00a0exige bien plus qu&rsquo;un simple engin livr\u00e9 sur place.<\/p>\n\n\n\n<p>Voici le r\u00e9cit complet de cette intervention, de la s\u00e9lection du mat\u00e9riel jusqu&rsquo;au retour du client.<\/p>\n\n\n\n<hr class=\"wp-block-separator has-alpha-channel-opacity\"\/>\n\n\n\n<h2 class=\"wp-block-heading\" id=\"table-des-matieres\">Table des Mati\u00e8res<\/h2>\n\n\n\n<ul class=\"wp-block-list\">\n<li><a href=\"https:\/\/new.limova.ai\/assistants\/history#pourquoi-avoir-choisi-une-nacelle-articulee-pour-ce-chantier\">Pourquoi avoir choisi une nacelle articul\u00e9e pour ce chantier<\/a><\/li>\n\n\n\n<li><a href=\"https:\/\/new.limova.ai\/assistants\/history#le-deroulement-de-la-livraison-et-de-la-mise-en-service\">Le d\u00e9roulement de la livraison et de la mise en service<\/a><\/li>\n\n\n\n<li><a href=\"https:\/\/new.limova.ai\/assistants\/history#les-contraintes-terrain-rencontrees-et-solutions-apportees\">Les contraintes terrain rencontr\u00e9es et solutions apport\u00e9es<\/a><\/li>\n\n\n\n<li><a href=\"https:\/\/new.limova.ai\/assistants\/history#temoignage-client\">T\u00e9moignage client<\/a><\/li>\n\n\n\n<li><a href=\"https:\/\/new.limova.ai\/assistants\/history#pourquoi-choisir-locmachine-pour-vos-travaux-en-hauteur\">Pourquoi choisir Locmachine pour vos travaux en hauteur<\/a><\/li>\n\n\n\n<li><a href=\"https:\/\/new.limova.ai\/assistants\/history#questions-frequentes-faq\">FAQ<\/a><\/li>\n\n\n\n<li><a href=\"https:\/\/new.limova.ai\/assistants\/history#chiffres-cles\">Chiffres Cl\u00e9s<\/a><\/li>\n<\/ul>\n\n\n\n<hr class=\"wp-block-separator has-alpha-channel-opacity\"\/>\n\n\n\n<h2 class=\"wp-block-heading\" id=\"pourquoi-avoir-choisi-une-nacelle-articulee-pour-ce-chantier\">Pourquoi Avoir Choisi une Nacelle Articul\u00e9e pour ce Chantier<\/h2>\n\n\n\n<p>Lorsque le chef de chantier de l&rsquo;entreprise B\u00e2tipro 92 nous a contact\u00e9s, il avait d\u00e9j\u00e0 envisag\u00e9 un \u00e9chafaudage traditionnel. La configuration de la rue Madeleine-Michelis, \u00e9troite et tr\u00e8s passante, rendait cette solution difficilement compatible avec les d\u00e9lais impos\u00e9s par la ma\u00eetrise d&rsquo;ouvrage. La question s&rsquo;est donc rapidement pos\u00e9e :&nbsp;<strong>nacelle ciseaux, t\u00e9lescopique ou articul\u00e9e ?<\/strong><\/p>\n\n\n\n<p>C&rsquo;est Alexandre Le Corre, notre directeur commercial fort de&nbsp;<strong>12 ans d&rsquo;exp\u00e9rience dans le secteur<\/strong>&nbsp;\u2014 pass\u00e9 notamment par Metaloc et Riwal \u2014 qui a pilot\u00e9 l&rsquo;analyse technique. Son diagnostic a \u00e9t\u00e9 rapide et sans \u00e9quivoque :<\/p>\n\n\n\n<blockquote class=\"wp-block-quote is-layout-flow wp-block-quote-is-layout-flow\">\n<p>\u00ab Une nacelle ciseaux, ici, c&rsquo;est hors-jeu : elle monte verticalement, elle ne peut pas contourner les balcons en saillie. Une t\u00e9lescopique, c&rsquo;est trop rigide pour travailler en d\u00e9port sur une fa\u00e7ade avec des ornements. La nacelle articul\u00e9e, c&rsquo;est la seule solution qui combine hauteur de travail, d\u00e9port lat\u00e9ral et pr\u00e9cision de positionnement. \u00bb<\/p>\n<\/blockquote>\n\n\n\n<p>Nous avons retenu une&nbsp;<strong>nacelle articul\u00e9e thermique Genie Z-62\/40<\/strong>, offrant une hauteur de travail de&nbsp;<strong>28 m\u00e8tres<\/strong>&nbsp;et un d\u00e9port horizontal de&nbsp;<strong>12 m\u00e8tres<\/strong>. Ce mod\u00e8le diesel est parfaitement adapt\u00e9 aux chantiers ext\u00e9rieurs en milieu urbain dense, o\u00f9 la polyvalence de bras articul\u00e9 est indispensable pour naviguer autour des obstacles architecturaux.<\/p>\n\n\n\n<p>\ud83d\udcca&nbsp;<strong>+18% de demandes de location de nacelles articul\u00e9es en \u00cele-de-France entre 2024 et 2026<\/strong>&nbsp;&#8211; Travaux en hauteur en IDF<\/p>\n\n\n\n<p>La motorisation thermique a \u00e9t\u00e9 choisie pour son autonomie sur une dur\u00e9e de chantier de&nbsp;<strong>trois semaines cons\u00e9cutives<\/strong>, sans d\u00e9pendance \u00e0 une alimentation \u00e9lectrique de chantier parfois al\u00e9atoire sur les r\u00e9novations de ce type.<\/p>\n\n\n\n<hr class=\"wp-block-separator has-alpha-channel-opacity\"\/>\n\n\n\n<h2 class=\"wp-block-heading\" id=\"le-deroulement-de-la-livraison-et-de-la-mise-en-service\">Le D\u00e9roulement de la Livraison et de la Mise en Service<\/h2>\n\n\n\n<p>La livraison a \u00e9t\u00e9 planifi\u00e9e un lundi matin \u00e0&nbsp;<strong>6h30<\/strong>, avant l&rsquo;ouverture de la circulation sur l&rsquo;axe principal. Ce cr\u00e9neau, n\u00e9goci\u00e9 en amont avec la mairie de Neuilly-sur-Seine via une demande d&rsquo;autorisation de voirie, nous a permis de d\u00e9charger et positionner l&rsquo;engin sans bloquer la circulation.<\/p>\n\n\n\n<p>Notre chauffeur-livreur, titulaire du&nbsp;<strong>CACES R486 cat\u00e9gorie B<\/strong>, a r\u00e9alis\u00e9 la mise en service sur place en moins de 45 minutes :<\/p>\n\n\n\n<ol class=\"wp-block-list\">\n<li><strong>Contr\u00f4le visuel et fonctionnel<\/strong>&nbsp;de l&rsquo;engin avant remise au client<\/li>\n\n\n\n<li><strong>Balisage de la zone de travail<\/strong>&nbsp;en conformit\u00e9 avec le plan de circulation valid\u00e9<\/li>\n\n\n\n<li><strong>Briefing op\u00e9rateur<\/strong>&nbsp;avec le chef d&rsquo;\u00e9quipe de B\u00e2tipro 92 sur les proc\u00e9dures d&rsquo;urgence et les limites de charge<\/li>\n\n\n\n<li><strong>Test de d\u00e9ploiement<\/strong>&nbsp;sur les quatre faces du b\u00e2timent pour valider les angles d&rsquo;acc\u00e8s<\/li>\n<\/ol>\n\n\n\n<p>Toute notre flotte est v\u00e9rifi\u00e9e et entretenue selon un protocole rigoureux. Chaque nacelle part en chantier avec son&nbsp;<strong>carnet de contr\u00f4le \u00e0 jour<\/strong>, la fiche technique constructeur et les consignes de s\u00e9curit\u00e9 en fran\u00e7ais. Rien n&rsquo;est laiss\u00e9 au hasard, car sur les&nbsp;<strong>travaux en hauteur en IDF<\/strong>, la moindre d\u00e9faillance mat\u00e9rielle peut avoir des cons\u00e9quences graves.<\/p>\n\n\n\n<p>\ud83d\udcca&nbsp;<strong>1 accident grave sur 3 en travaux en hauteur est li\u00e9 \u00e0 un d\u00e9faut de v\u00e9rification pr\u00e9alable de l&rsquo;engin<\/strong>&nbsp;&#8211; S\u00e9curit\u00e9 nacelles PEMP<\/p>\n\n\n\n<hr class=\"wp-block-separator has-alpha-channel-opacity\"\/>\n\n\n\n<h2 class=\"wp-block-heading\" id=\"les-contraintes-terrain-rencontrees-et-solutions-apportees\">Les Contraintes Terrain Rencontr\u00e9es et Solutions Apport\u00e9es<\/h2>\n\n\n\n<p>Tout chantier en milieu urbain dense r\u00e9serve ses surprises. Celui de Neuilly n&rsquo;a pas fait exception.<\/p>\n\n\n\n<h3 class=\"wp-block-heading\" id=\"contrainte-n1-la-presence-dun-reseau-aerien-de-fibre-optique-en-facade\">Contrainte n\u00b01 : La pr\u00e9sence d&rsquo;un r\u00e9seau a\u00e9rien de fibre optique en fa\u00e7ade<\/h3>\n\n\n\n<p>\u00c0 hauteur du 4e \u00e9tage, un c\u00e2blage de fibre optique courait en saillie sur la fa\u00e7ade, non r\u00e9f\u00e9renc\u00e9 dans les plans initiaux. Impossible de d\u00e9ployer le bras dans ce secteur sans risque d&rsquo;accrochage.<\/p>\n\n\n\n<p><strong>Notre solution<\/strong>&nbsp;: Alexandre Le Corre est intervenu personnellement sur site pour red\u00e9finir les angles de travail. Nous avons adapt\u00e9 le plan de balayage de la nacelle en trois zones distinctes, permettant de traiter la fa\u00e7ade par s\u00e9quences sans jamais approcher le c\u00e2blage \u00e0 moins de 80 cm.<\/p>\n\n\n\n<h3 class=\"wp-block-heading\" id=\"contrainte-n2-une-cour-interieure-inaccessible-au-camion-porteur\">Contrainte n\u00b02 : Une cour int\u00e9rieure inaccessible au camion porteur<\/h3>\n\n\n\n<p>La cour arri\u00e8re du b\u00e2timent, accessible uniquement par un passage vo\u00fbt\u00e9 de 2,80 m de large et 3,20 m de haut, \u00e9tait inaccessible \u00e0 notre plateau de livraison standard.<\/p>\n\n\n\n<p><strong>Notre solution<\/strong>&nbsp;: Nous avons mobilis\u00e9 une&nbsp;<strong>nacelle araign\u00e9e articul\u00e9e<\/strong>&nbsp;compl\u00e9mentaire, automotrice et compacte (largeur 0,99 m), que nous avons fait entrer par le passage vo\u00fbt\u00e9 pour traiter l&rsquo;\u00e9l\u00e9vation sur cour. Ce type d&rsquo;engin, sp\u00e9cialement con\u00e7u pour les acc\u00e8s extr\u00eamement contraints, est l&rsquo;une de nos sp\u00e9cialit\u00e9s en&nbsp;<strong>location nacelle chantier<\/strong>&nbsp;en \u00cele-de-France.<\/p>\n\n\n\n<h3 class=\"wp-block-heading\" id=\"contrainte-n3-un-sol-en-paves-anciens-portance-incertaine\">Contrainte n\u00b03 : Un sol en pav\u00e9s anciens, portance incertaine<\/h3>\n\n\n\n<p>La cour int\u00e9rieure pr\u00e9sentait des pav\u00e9s de calcaire anciens dont la portance n&rsquo;avait pas \u00e9t\u00e9 \u00e9valu\u00e9e. Plut\u00f4t que de prendre un risque, nous avons pr\u00e9conis\u00e9 la pose de plaques de r\u00e9partition de charge avant tout d\u00e9placement de l&rsquo;araign\u00e9e.<\/p>\n\n\n\n<blockquote class=\"wp-block-quote is-layout-flow wp-block-quote-is-layout-flow\">\n<p>Ces trois situations illustrent ce qu&rsquo;Alexandre r\u00e9p\u00e8te \u00e0 chaque client : \u00ab Une nacelle, \u00e7a se choisit et \u00e7a s&rsquo;op\u00e8re. Livrer un engin sans analyser le terrain, c&rsquo;est prendre un risque que personne ne devrait accepter. \u00bb<\/p>\n<\/blockquote>\n\n\n\n<hr class=\"wp-block-separator has-alpha-channel-opacity\"\/>\n\n\n\n<h2 class=\"wp-block-heading\" id=\"temoignage-client\">T\u00e9moignage Client<\/h2>\n\n\n\n<p><strong>S\u00e9bastien Marchand, Conducteur de travaux \u2014 B\u00e2tipro 92, Levallois-Perret<\/strong><\/p>\n\n\n\n<blockquote class=\"wp-block-quote is-layout-flow wp-block-quote-is-layout-flow\">\n<p>\u00ab On avait travaill\u00e9 avec d&rsquo;autres loueurs avant de contacter Locmachine. La diff\u00e9rence, elle est imm\u00e9diate : d\u00e8s le premier appel, on a eu quelqu&rsquo;un qui connaissait vraiment son m\u00e9tier, qui posait les bonnes questions sur le chantier, les acc\u00e8s, les contraintes. Alexandre nous a propos\u00e9 une solution en deux heures, avec un devis clair.<\/p>\n\n\n\n<p>Sur le terrain, la livraison \u00e9tait parfaite, \u00e0 l&rsquo;heure, avec un engin impeccable. Quand on a eu le probl\u00e8me de la fibre optique, ils ont r\u00e9agi dans la journ\u00e9e. Pour nous, Locmachine, c&rsquo;est le partenaire s\u00e9rieux qu&rsquo;on cherchait depuis longtemps. On les recommande sans h\u00e9siter \u2014 et ce n&rsquo;est pas pour rien qu&rsquo;ils ont&nbsp;<strong>4,9 \u00e9toiles sur Google avec 85 avis<\/strong>. \u00bb<\/p>\n<\/blockquote>\n\n\n\n<hr class=\"wp-block-separator has-alpha-channel-opacity\"\/>\n\n\n\n<h2 class=\"wp-block-heading\" id=\"pourquoi-choisir-locmachine-pour-vos-travaux-en-hauteur\">Pourquoi Choisir Locmachine pour Vos Travaux en Hauteur<\/h2>\n\n\n\n<p>Bas\u00e9e \u00e0&nbsp;<strong>Paris 8e (75008)<\/strong>, Locmachine intervient sur l&rsquo;ensemble de l&rsquo;<strong>\u00cele-de-France<\/strong>&nbsp;(75, 77, 78, 91, 92, 93, 94, 95), dans l&rsquo;<strong>Oise<\/strong>&nbsp;(60) et dans le&nbsp;<strong>Nord<\/strong>&nbsp;(59, 62, 80). Notre positionnement n&rsquo;est pas celui d&rsquo;un loueur g\u00e9n\u00e9raliste : nous sommes des sp\u00e9cialistes de la&nbsp;<strong>location nacelle \u00e9l\u00e9vatrice<\/strong>&nbsp;pour les professionnels du b\u00e2timent, de la maintenance et de l&rsquo;industrie.<\/p>\n\n\n\n<h3 class=\"wp-block-heading\" id=\"ce-qui-nous-distingue\">Ce qui nous distingue<\/h3>\n\n\n\n<figure class=\"wp-block-table\"><table class=\"has-fixed-layout\"><thead><tr><th class=\"has-text-align-left\" data-align=\"left\">Crit\u00e8re<\/th><th class=\"has-text-align-left\" data-align=\"left\">Locmachine<\/th><th class=\"has-text-align-left\" data-align=\"left\">Loueur g\u00e9n\u00e9raliste<\/th><\/tr><\/thead><tbody><tr><td>Conseil technique personnalis\u00e9<\/td><td>\u2705 Syst\u00e9matique<\/td><td>\u274c Rare<\/td><\/tr><tr><td>Livraison avec op\u00e9rateur CACES R486<\/td><td>\u2705 Disponible<\/td><td>\u26a0\ufe0f Variable<\/td><\/tr><tr><td>Gamme nacelles 3 \u00e0 100 m<\/td><td>\u2705 Compl\u00e8te<\/td><td>\u26a0\ufe0f Partielle<\/td><\/tr><tr><td>R\u00e9activit\u00e9 urgences chantier<\/td><td>\u2705 Sous 24h<\/td><td>\u274c D\u00e9lais non garantis<\/td><\/tr><tr><td>Avis clients Google<\/td><td>\u2b50 4,9\/5 (85 avis)<\/td><td>Variable<\/td><\/tr><tr><td>Zone d&rsquo;intervention IDF + Nord + Oise<\/td><td>\u2705 Confirm\u00e9e<\/td><td>\u26a0\ufe0f Limit\u00e9e<\/td><\/tr><\/tbody><\/table><\/figure>\n\n\n\n<h3 class=\"wp-block-heading\" id=\"notre-gamme-complete\">Notre gamme compl\u00e8te<\/h3>\n\n\n\n<p>Nous proposons&nbsp;<strong>8 types de nacelles \u00e9l\u00e9vatrices<\/strong>&nbsp;pour couvrir tous les cas de figure :<\/p>\n\n\n\n<ul class=\"wp-block-list\">\n<li><strong>Nacelles ciseaux<\/strong>&nbsp;(6 \u00e0 34 m) \u2014 surfaces planes, travaux int\u00e9rieurs et ext\u00e9rieurs<\/li>\n\n\n\n<li><strong>Nacelles toucan<\/strong>&nbsp;(3,5 \u00e0 12 m) \u2014 espaces confin\u00e9s, faibles hauteurs<\/li>\n\n\n\n<li><strong>Nacelles articul\u00e9es<\/strong>&nbsp;(12 \u00e0 43 m) \u2014 acc\u00e8s lat\u00e9ral, obstacles architecturaux<\/li>\n\n\n\n<li><strong>Nacelles t\u00e9lescopiques<\/strong>&nbsp;(12 \u00e0 58 m) \u2014 grande port\u00e9e, travaux de toiture<\/li>\n\n\n\n<li><strong>Nacelles araign\u00e9es<\/strong>&nbsp;articul\u00e9es et t\u00e9lescopiques (12 \u00e0 48 m) \u2014 acc\u00e8s tr\u00e8s contraints<\/li>\n\n\n\n<li><strong>Camions nacelles<\/strong>&nbsp;(16 \u00e0 100 m) \u2014 interventions rapides avec chauffeur<\/li>\n\n\n\n<li><strong>Mini nacelles<\/strong>&nbsp;(3 \u00e0 11 m) \u2014 int\u00e9rieurs, mezzanines, petits chantiers<\/li>\n<\/ul>\n\n\n\n<h3 class=\"wp-block-heading\" id=\"location-avec-ou-sans-chauffeur\">Location avec ou sans chauffeur<\/h3>\n\n\n\n<p>Nous proposons la&nbsp;<strong>location de nacelle avec chauffeur<\/strong>&nbsp;: notre op\u00e9rateur, titulaire du&nbsp;<strong>CACES R486<\/strong>&nbsp;(cat\u00e9gorie A ou B selon l&rsquo;engin), prend en charge l&rsquo;int\u00e9gralit\u00e9 de la conduite. Une solution cl\u00e9 en main qui vous dispense de toute obligation de formation en interne et vous garantit une op\u00e9ration s\u00e9curis\u00e9e d\u00e8s le premier jour.<\/p>\n\n\n\n<p>\ud83d\udcca&nbsp;<strong>62% des chantiers IDF optent pour la formule avec op\u00e9rateur qualifi\u00e9 pour r\u00e9duire les risques et les d\u00e9lais<\/strong>&nbsp;&#8211; Location nacelle avec chauffeur<\/p>\n\n\n\n<blockquote class=\"wp-block-quote is-layout-flow wp-block-quote-is-layout-flow\">\n<p>\u00ab\u00a0La location de nacelle \u00e9l\u00e9vatrice \u00e0 Paris conna\u00eet une forte demande en 2026, port\u00e9e par l&rsquo;intensification des travaux de r\u00e9novation urbaine\u00a0\u00bb<br>\u2014 Locmachine Blog 2026<\/p>\n<\/blockquote>\n\n\n\n<hr class=\"wp-block-separator has-alpha-channel-opacity\"\/>\n\n\n\n<h2 class=\"wp-block-heading\" id=\"conclusion-votre-prochain-chantier-en-hauteur-on-sen-occupe\">Conclusion : Votre Prochain Chantier en Hauteur, on s&rsquo;en Occupe<\/h2>\n\n\n\n<p>Que vous ayez un ravalement de fa\u00e7ade \u00e0 Versailles, une maintenance de toiture \u00e0 Saint-Denis, une installation d&rsquo;enseigne \u00e0 Boulogne-Billancourt ou un chantier industriel dans le Nord \u2014&nbsp;<strong>Locmachine a la nacelle et l&rsquo;expertise qu&rsquo;il vous faut<\/strong>.<\/p>\n\n\n\n<p>Avec plus de&nbsp;<strong>85 avis clients Google \u00e0 4,9 \u00e9toiles<\/strong>, une gamme de 3 \u00e0 100 m\u00e8tres et une \u00e9quipe qui conna\u00eet le terrain, nous sommes le partenaire de r\u00e9f\u00e9rence pour la&nbsp;<strong>location nacelle \u00e9l\u00e9vatrice en \u00cele-de-France<\/strong>.<\/p>\n\n\n\n<p><strong>\ud83d\udcde Appelez-nous au 09 84 13 24 82<\/strong>&nbsp;\u2014 nous vous r\u00e9pondons rapidement et vous proposons un devis adapt\u00e9 \u00e0 votre chantier.&nbsp;<strong>\ud83d\udccb Ou remplissez notre formulaire de contact sur locmachine.fr<\/strong>&nbsp;pour une r\u00e9ponse sous 24h.<\/p>\n\n\n\n<hr class=\"wp-block-separator has-alpha-channel-opacity\"\/>\n\n\n\n<h2 class=\"wp-block-heading\" id=\"questions-frequentes-faq\">Questions Fr\u00e9quentes (FAQ)<\/h2>\n\n\n\n<h3 class=\"wp-block-heading\" id=\"quest-ce-que-la-location-de-nacelle-elevatrice-avec-chauffeur-et-quand-en-ai-je-besoin\">Qu&rsquo;est-ce que la location de nacelle \u00e9l\u00e9vatrice avec chauffeur et quand en ai-je besoin ?<\/h3>\n\n\n\n<p>La&nbsp;<strong>location nacelle avec chauffeur<\/strong>&nbsp;(ou op\u00e9rateur) consiste \u00e0 louer l&rsquo;engin accompagn\u00e9 d&rsquo;un conducteur professionnel titulaire du&nbsp;<strong>CACES R486<\/strong>. C&rsquo;est la solution id\u00e9ale si votre \u00e9quipe n&rsquo;t pas de personnel certifi\u00e9, si le chantier est complexe ou si vous souhaitez une prise en charge totale de la s\u00e9curit\u00e9 op\u00e9rationnelle. Locmachine propose cette formule dans toute l&rsquo;\u00cele-de-France \u00e0 partir de 390 \u20ac par jour pour l&rsquo;op\u00e9rateur, en compl\u00e9ment du tarif de location de la nacelle.<\/p>\n\n\n\n<h3 class=\"wp-block-heading\" id=\"quelle-nacelle-choisir-pour-un-ravalement-de-facade-a-paris-ou-en-idf\">Quelle nacelle choisir pour un ravalement de fa\u00e7ade \u00e0 Paris ou en IDF ?<\/h3>\n\n\n\n<p>Pour un ravalement de fa\u00e7ade en milieu urbain, la&nbsp;<strong>nacelle articul\u00e9e<\/strong>&nbsp;est g\u00e9n\u00e9ralement la plus adapt\u00e9e : elle offre un d\u00e9port horizontal permettant de contourner les balcons, corniches et autres saillies architecturales. Pour les fa\u00e7ades lisses et les grandes hauteurs, une&nbsp;<strong>nacelle t\u00e9lescopique<\/strong>&nbsp;peut \u00eatre pr\u00e9f\u00e9rable. En cas d&rsquo;acc\u00e8s tr\u00e8s contraint (cour int\u00e9rieure, passage \u00e9troit), une&nbsp;<strong>nacelle araign\u00e9e<\/strong>&nbsp;s&rsquo;impose. Alexandre Le Corre et son \u00e9quipe vous orientent gratuitement selon votre configuration.<\/p>\n\n\n\n<h3 class=\"wp-block-heading\" id=\"quelle-est-la-zone-dintervention-de-locmachine\">Quelle est la zone d&rsquo;intervention de Locmachine ?<\/h3>\n\n\n\n<p>Locmachine intervient dans toute l&rsquo;<strong>\u00cele-de-France<\/strong>&nbsp;(Paris 75, Seine-et-Marne 77, Yvelines 78, Essonne 91, Hauts-de-Seine 92, Seine-Saint-Denis 93, Val-de-Marne 94, Val-d&rsquo;Oise 95), dans l&rsquo;<strong>Oise<\/strong>&nbsp;(60) autour de Compi\u00e8gne, ainsi que dans le&nbsp;<strong>Nord<\/strong>&nbsp;(59, 62, 80) incluant Lille et Amiens.<\/p>\n\n\n\n<h3 class=\"wp-block-heading\" id=\"faut-il-un-caces-r486-pour-utiliser-une-nacelle-elevatrice\">Faut-il un CACES R486 pour utiliser une nacelle \u00e9l\u00e9vatrice ?<\/h3>\n\n\n\n<p>Oui. En France, la conduite d&rsquo;une nacelle \u00e9l\u00e9vatrice (PEMP \u2014 Plateforme \u00c9l\u00e9vatrice Mobile de Personnel) est soumise \u00e0 l&rsquo;obtention du&nbsp;<strong>CACES R486<\/strong>&nbsp;et \u00e0 une autorisation de conduite d\u00e9livr\u00e9e par l&#8217;employeur. Le CACES R486 se d\u00e9cline en cat\u00e9gories A (nacelles \u00e0 d\u00e9placement sans \u00e9l\u00e9vation) et B (nacelles \u00e0 d\u00e9placement en position \u00e9lev\u00e9e). Si votre \u00e9quipe n&rsquo;est pas certifi\u00e9e, Locmachine vous propose la formule avec conducteur qualifi\u00e9.<\/p>\n\n\n\n<h3 class=\"wp-block-heading\" id=\"quel-est-le-delai-de-livraison-dune-nacelle-en-ile-de-france\">Quel est le d\u00e9lai de livraison d&rsquo;une nacelle en \u00cele-de-France ?<\/h3>\n\n\n\n<p>Pour les demandes planifi\u00e9es, Locmachine assure la livraison sous&nbsp;<strong>24 \u00e0 48h<\/strong>&nbsp;sur l&rsquo;ensemble de l&rsquo;\u00cele-de-France. En cas d&rsquo;urgence chantier, nous faisons notre possible pour intervenir dans la journ\u00e9e selon disponibilit\u00e9. Contactez-nous directement au&nbsp;<strong>09 84 13 24 82<\/strong>&nbsp;pour les demandes urgentes.<\/p>\n\n\n\n<hr class=\"wp-block-separator has-alpha-channel-opacity\"\/>\n\n\n\n<h2 class=\"wp-block-heading\" id=\"chiffres-cles\">Chiffres Cl\u00e9s<\/h2>\n\n\n\n<p>\ud83d\udcca&nbsp;<strong>4,9 \/ 5<\/strong>&nbsp;\u2014 Note Google de Locmachine sur la base de&nbsp;<strong>85 avis clients<\/strong>&nbsp;v\u00e9rifi\u00e9s (2026)<\/p>\n\n\n\n<p>\ud83c\udfd7\ufe0f&nbsp;<strong>8 types de nacelles<\/strong>&nbsp;disponibles de 3 \u00e0 100 m\u00e8tres, livr\u00e9es avec ou sans op\u00e9rateur CACES R486 en IDF, Oise et Nord<\/p>\n\n\n\n<p>\ud83d\udca1&nbsp;<strong>+18%<\/strong>&nbsp;de demandes de location de nacelles articul\u00e9es en \u00cele-de-France entre 2024 et 2026, port\u00e9es par l&rsquo;acc\u00e9l\u00e9ration des chantiers de r\u00e9novation urbaine (Source : SITP 2026)<\/p>\n\n\n\n<p>\ud83d\udd27&nbsp;<strong>12 ans<\/strong>&nbsp;d&rsquo;exp\u00e9rience terrain d&rsquo;Alexandre Le Corre, ancien directeur commercial Metaloc et ex-commercial Riwal, au service de vos chantiers en hauteur<\/p>\n","protected":false},"excerpt":{"rendered":"<p>En mars 2026, notre \u00e9quipe Locmachine est intervenue sur un chantier de\u00a0r\u00e9novation de fa\u00e7ade\u00a0en ile de france. La mission : fournir et op\u00e9rer une nacelle articul\u00e9e thermique de 28 m\u00e8tres pour permettre \u00e0 une entreprise de ravalement de traiter l&rsquo;int\u00e9gralit\u00e9 des \u00e9l\u00e9vations d&rsquo;un immeuble haussmannien de sept \u00e9tages, en bordure directe d&rsquo;une voie \u00e0 fort [&hellip;]<\/p>\n","protected":false},"author":1,"featured_media":184,"comment_status":"closed","ping_status":"closed","sticky":false,"template":"","format":"standard","meta":{"footnotes":""},"categories":[37],"tags":[],"class_list":["post-180","post","type-post","status-publish","format-standard","has-post-thumbnail","hentry","category-nacelles-elevatrices"],"yoast_head":"<!-- This site is optimized with the Yoast SEO plugin v27.5 - https:\/\/yoast.com\/product\/yoast-seo-wordpress\/ -->\n<title>Nacelle articul\u00e9e Manitou en location Paris IDF - Locmachine - locmachine.fr<\/title>\n<meta name=\"description\" content=\"Location nacelle articul\u00e9e \u00e0 Neuilly-sur-Seine : r\u00e9novation de fa\u00e7ade en hauteur avec Locmachine. Livraison rapide en IDF. Devis gratuit au 09 84 13 24 82.\" \/>\n<meta name=\"robots\" content=\"index, follow, max-snippet:-1, max-image-preview:large, max-video-preview:-1\" \/>\n<link rel=\"canonical\" href=\"https:\/\/www.locmachine.fr\/blog\/location-de-nacelle-articulee-a-neuilly-sur-seine-renovation-de-facade-en-hauteur-reussie\/\" \/>\n<meta property=\"og:locale\" content=\"fr_FR\" \/>\n<meta property=\"og:type\" content=\"article\" \/>\n<meta property=\"og:title\" content=\"Nacelle articul\u00e9e Manitou en location Paris IDF - Locmachine - locmachine.fr\" \/>\n<meta property=\"og:description\" content=\"Location nacelle articul\u00e9e \u00e0 Neuilly-sur-Seine : r\u00e9novation de fa\u00e7ade en hauteur avec Locmachine. Livraison rapide en IDF. Devis gratuit au 09 84 13 24 82.\" \/>\n<meta property=\"og:url\" content=\"https:\/\/www.locmachine.fr\/blog\/location-de-nacelle-articulee-a-neuilly-sur-seine-renovation-de-facade-en-hauteur-reussie\/\" \/>\n<meta property=\"og:site_name\" content=\"locmachine.fr\" \/>\n<meta property=\"article:published_time\" content=\"2026-04-28T21:20:27+00:00\" \/>\n<meta property=\"article:modified_time\" content=\"2026-04-29T00:21:12+00:00\" \/>\n<meta property=\"og:image\" content=\"https:\/\/www.locmachine.fr\/blog\/wp-content\/uploads\/2026\/04\/generated-image-4346c286-2-scaled.jpg\" \/>\n\t<meta property=\"og:image:width\" content=\"1919\" \/>\n\t<meta property=\"og:image:height\" content=\"2560\" \/>\n\t<meta property=\"og:image:type\" content=\"image\/jpeg\" \/>\n<meta name=\"author\" content=\"alexandre le corre\" \/>\n<meta name=\"twitter:card\" content=\"summary_large_image\" \/>\n<meta name=\"twitter:label1\" content=\"\u00c9crit par\" \/>\n\t<meta name=\"twitter:data1\" content=\"alexandre le corre\" \/>\n\t<meta name=\"twitter:label2\" content=\"Dur\u00e9e de lecture estim\u00e9e\" \/>\n\t<meta name=\"twitter:data2\" content=\"9 minutes\" \/>\n<script type=\"application\/ld+json\" class=\"yoast-schema-graph\">{\"@context\":\"https:\\\/\\\/schema.org\",\"@graph\":[{\"@type\":\"Article\",\"@id\":\"https:\\\/\\\/www.locmachine.fr\\\/blog\\\/location-de-nacelle-articulee-a-neuilly-sur-seine-renovation-de-facade-en-hauteur-reussie\\\/#article\",\"isPartOf\":{\"@id\":\"https:\\\/\\\/www.locmachine.fr\\\/blog\\\/location-de-nacelle-articulee-a-neuilly-sur-seine-renovation-de-facade-en-hauteur-reussie\\\/\"},\"author\":{\"name\":\"alexandre le corre\",\"@id\":\"https:\\\/\\\/www.locmachine.fr\\\/blog\\\/#\\\/schema\\\/person\\\/71a73d798206e90054c02875ab3eb494\"},\"headline\":\"Nacelle articul\u00e9e Manitou en location Paris IDF &#8211; Locmachine\",\"datePublished\":\"2026-04-28T21:20:27+00:00\",\"dateModified\":\"2026-04-29T00:21:12+00:00\",\"mainEntityOfPage\":{\"@id\":\"https:\\\/\\\/www.locmachine.fr\\\/blog\\\/location-de-nacelle-articulee-a-neuilly-sur-seine-renovation-de-facade-en-hauteur-reussie\\\/\"},\"wordCount\":2083,\"publisher\":{\"@id\":\"https:\\\/\\\/www.locmachine.fr\\\/blog\\\/#organization\"},\"image\":{\"@id\":\"https:\\\/\\\/www.locmachine.fr\\\/blog\\\/location-de-nacelle-articulee-a-neuilly-sur-seine-renovation-de-facade-en-hauteur-reussie\\\/#primaryimage\"},\"thumbnailUrl\":\"https:\\\/\\\/www.locmachine.fr\\\/blog\\\/wp-content\\\/uploads\\\/2026\\\/04\\\/generated-image-4346c286-2-scaled.jpg\",\"articleSection\":[\"Nacelles \u00e9l\u00e9vatrices\"],\"inLanguage\":\"fr-FR\"},{\"@type\":\"WebPage\",\"@id\":\"https:\\\/\\\/www.locmachine.fr\\\/blog\\\/location-de-nacelle-articulee-a-neuilly-sur-seine-renovation-de-facade-en-hauteur-reussie\\\/\",\"url\":\"https:\\\/\\\/www.locmachine.fr\\\/blog\\\/location-de-nacelle-articulee-a-neuilly-sur-seine-renovation-de-facade-en-hauteur-reussie\\\/\",\"name\":\"Nacelle articul\u00e9e Manitou en location Paris IDF - Locmachine - locmachine.fr\",\"isPartOf\":{\"@id\":\"https:\\\/\\\/www.locmachine.fr\\\/blog\\\/#website\"},\"primaryImageOfPage\":{\"@id\":\"https:\\\/\\\/www.locmachine.fr\\\/blog\\\/location-de-nacelle-articulee-a-neuilly-sur-seine-renovation-de-facade-en-hauteur-reussie\\\/#primaryimage\"},\"image\":{\"@id\":\"https:\\\/\\\/www.locmachine.fr\\\/blog\\\/location-de-nacelle-articulee-a-neuilly-sur-seine-renovation-de-facade-en-hauteur-reussie\\\/#primaryimage\"},\"thumbnailUrl\":\"https:\\\/\\\/www.locmachine.fr\\\/blog\\\/wp-content\\\/uploads\\\/2026\\\/04\\\/generated-image-4346c286-2-scaled.jpg\",\"datePublished\":\"2026-04-28T21:20:27+00:00\",\"dateModified\":\"2026-04-29T00:21:12+00:00\",\"description\":\"Location nacelle articul\u00e9e \u00e0 Neuilly-sur-Seine : r\u00e9novation de fa\u00e7ade en hauteur avec Locmachine. Livraison rapide en IDF. Devis gratuit au 09 84 13 24 82.\",\"breadcrumb\":{\"@id\":\"https:\\\/\\\/www.locmachine.fr\\\/blog\\\/location-de-nacelle-articulee-a-neuilly-sur-seine-renovation-de-facade-en-hauteur-reussie\\\/#breadcrumb\"},\"inLanguage\":\"fr-FR\",\"potentialAction\":[{\"@type\":\"ReadAction\",\"target\":[\"https:\\\/\\\/www.locmachine.fr\\\/blog\\\/location-de-nacelle-articulee-a-neuilly-sur-seine-renovation-de-facade-en-hauteur-reussie\\\/\"]}]},{\"@type\":\"ImageObject\",\"inLanguage\":\"fr-FR\",\"@id\":\"https:\\\/\\\/www.locmachine.fr\\\/blog\\\/location-de-nacelle-articulee-a-neuilly-sur-seine-renovation-de-facade-en-hauteur-reussie\\\/#primaryimage\",\"url\":\"https:\\\/\\\/www.locmachine.fr\\\/blog\\\/wp-content\\\/uploads\\\/2026\\\/04\\\/generated-image-4346c286-2-scaled.jpg\",\"contentUrl\":\"https:\\\/\\\/www.locmachine.fr\\\/blog\\\/wp-content\\\/uploads\\\/2026\\\/04\\\/generated-image-4346c286-2-scaled.jpg\",\"width\":1919,\"height\":2560},{\"@type\":\"BreadcrumbList\",\"@id\":\"https:\\\/\\\/www.locmachine.fr\\\/blog\\\/location-de-nacelle-articulee-a-neuilly-sur-seine-renovation-de-facade-en-hauteur-reussie\\\/#breadcrumb\",\"itemListElement\":[{\"@type\":\"ListItem\",\"position\":1,\"name\":\"Accueil\",\"item\":\"https:\\\/\\\/www.locmachine.fr\\\/blog\\\/\"},{\"@type\":\"ListItem\",\"position\":2,\"name\":\"Nacelle articul\u00e9e Manitou en location Paris IDF &#8211; Locmachine\"}]},{\"@type\":\"WebSite\",\"@id\":\"https:\\\/\\\/www.locmachine.fr\\\/blog\\\/#website\",\"url\":\"https:\\\/\\\/www.locmachine.fr\\\/blog\\\/\",\"name\":\"locmachine.fr\",\"description\":\"Un site utilisant WordPress\",\"publisher\":{\"@id\":\"https:\\\/\\\/www.locmachine.fr\\\/blog\\\/#organization\"},\"potentialAction\":[{\"@type\":\"SearchAction\",\"target\":{\"@type\":\"EntryPoint\",\"urlTemplate\":\"https:\\\/\\\/www.locmachine.fr\\\/blog\\\/?s={search_term_string}\"},\"query-input\":{\"@type\":\"PropertyValueSpecification\",\"valueRequired\":true,\"valueName\":\"search_term_string\"}}],\"inLanguage\":\"fr-FR\"},{\"@type\":\"Organization\",\"@id\":\"https:\\\/\\\/www.locmachine.fr\\\/blog\\\/#organization\",\"name\":\"locmachine.fr\",\"url\":\"https:\\\/\\\/www.locmachine.fr\\\/blog\\\/\",\"logo\":{\"@type\":\"ImageObject\",\"inLanguage\":\"fr-FR\",\"@id\":\"https:\\\/\\\/www.locmachine.fr\\\/blog\\\/#\\\/schema\\\/logo\\\/image\\\/\",\"url\":\"https:\\\/\\\/www.locmachine.fr\\\/blog\\\/wp-content\\\/uploads\\\/2026\\\/04\\\/logo-locmachine.jpg\",\"contentUrl\":\"https:\\\/\\\/www.locmachine.fr\\\/blog\\\/wp-content\\\/uploads\\\/2026\\\/04\\\/logo-locmachine.jpg\",\"width\":900,\"height\":900,\"caption\":\"locmachine.fr\"},\"image\":{\"@id\":\"https:\\\/\\\/www.locmachine.fr\\\/blog\\\/#\\\/schema\\\/logo\\\/image\\\/\"}},{\"@type\":\"Person\",\"@id\":\"https:\\\/\\\/www.locmachine.fr\\\/blog\\\/#\\\/schema\\\/person\\\/71a73d798206e90054c02875ab3eb494\",\"name\":\"alexandre le corre\",\"image\":{\"@type\":\"ImageObject\",\"inLanguage\":\"fr-FR\",\"@id\":\"https:\\\/\\\/secure.gravatar.com\\\/avatar\\\/42a15aa03e85ca800be6a495e2b6ee4746614be53869c7d1e1d0975e2609f13b?s=96&d=mm&r=g\",\"url\":\"https:\\\/\\\/secure.gravatar.com\\\/avatar\\\/42a15aa03e85ca800be6a495e2b6ee4746614be53869c7d1e1d0975e2609f13b?s=96&d=mm&r=g\",\"contentUrl\":\"https:\\\/\\\/secure.gravatar.com\\\/avatar\\\/42a15aa03e85ca800be6a495e2b6ee4746614be53869c7d1e1d0975e2609f13b?s=96&d=mm&r=g\",\"caption\":\"alexandre le corre\"},\"description\":\"Fondateur &amp; Pr\u00e9sident de Locmachine. 12 ans d'exp\u00e9rience dans la location de mat\u00e9riel de levage et d'\u00e9l\u00e9vation. Ancien commercial terrain chez Riwal, puis Directeur G\u00e9n\u00e9ral d\u00e9l\u00e9gu\u00e9 chez Metaloc, Alexandre a fond\u00e9 Locmachine en 2018 avec une conviction : allier expertise technique et r\u00e9activit\u00e9 pour les professionnels du BTP en \u00cele-de-France.\",\"sameAs\":[\"https:\\\/\\\/www.locmachine.fr\\\/blog\"],\"url\":\"https:\\\/\\\/www.locmachine.fr\\\/blog\\\/author\\\/lecorrealex\\\/\"}]}<\/script>\n<!-- \/ Yoast SEO plugin. -->","yoast_head_json":{"title":"Nacelle articul\u00e9e Manitou en location Paris IDF - Locmachine - locmachine.fr","description":"Location nacelle articul\u00e9e \u00e0 Neuilly-sur-Seine : r\u00e9novation de fa\u00e7ade en hauteur avec Locmachine. Livraison rapide en IDF. Devis gratuit au 09 84 13 24 82.","robots":{"index":"index","follow":"follow","max-snippet":"max-snippet:-1","max-image-preview":"max-image-preview:large","max-video-preview":"max-video-preview:-1"},"canonical":"https:\/\/www.locmachine.fr\/blog\/location-de-nacelle-articulee-a-neuilly-sur-seine-renovation-de-facade-en-hauteur-reussie\/","og_locale":"fr_FR","og_type":"article","og_title":"Nacelle articul\u00e9e Manitou en location Paris IDF - Locmachine - locmachine.fr","og_description":"Location nacelle articul\u00e9e \u00e0 Neuilly-sur-Seine : r\u00e9novation de fa\u00e7ade en hauteur avec Locmachine. Livraison rapide en IDF. Devis gratuit au 09 84 13 24 82.","og_url":"https:\/\/www.locmachine.fr\/blog\/location-de-nacelle-articulee-a-neuilly-sur-seine-renovation-de-facade-en-hauteur-reussie\/","og_site_name":"locmachine.fr","article_published_time":"2026-04-28T21:20:27+00:00","article_modified_time":"2026-04-29T00:21:12+00:00","og_image":[{"width":1919,"height":2560,"url":"https:\/\/www.locmachine.fr\/blog\/wp-content\/uploads\/2026\/04\/generated-image-4346c286-2-scaled.jpg","type":"image\/jpeg"}],"author":"alexandre le corre","twitter_card":"summary_large_image","twitter_misc":{"\u00c9crit par":"alexandre le corre","Dur\u00e9e de lecture estim\u00e9e":"9 minutes"},"schema":{"@context":"https:\/\/schema.org","@graph":[{"@type":"Article","@id":"https:\/\/www.locmachine.fr\/blog\/location-de-nacelle-articulee-a-neuilly-sur-seine-renovation-de-facade-en-hauteur-reussie\/#article","isPartOf":{"@id":"https:\/\/www.locmachine.fr\/blog\/location-de-nacelle-articulee-a-neuilly-sur-seine-renovation-de-facade-en-hauteur-reussie\/"},"author":{"name":"alexandre le corre","@id":"https:\/\/www.locmachine.fr\/blog\/#\/schema\/person\/71a73d798206e90054c02875ab3eb494"},"headline":"Nacelle articul\u00e9e Manitou en location Paris IDF &#8211; Locmachine","datePublished":"2026-04-28T21:20:27+00:00","dateModified":"2026-04-29T00:21:12+00:00","mainEntityOfPage":{"@id":"https:\/\/www.locmachine.fr\/blog\/location-de-nacelle-articulee-a-neuilly-sur-seine-renovation-de-facade-en-hauteur-reussie\/"},"wordCount":2083,"publisher":{"@id":"https:\/\/www.locmachine.fr\/blog\/#organization"},"image":{"@id":"https:\/\/www.locmachine.fr\/blog\/location-de-nacelle-articulee-a-neuilly-sur-seine-renovation-de-facade-en-hauteur-reussie\/#primaryimage"},"thumbnailUrl":"https:\/\/www.locmachine.fr\/blog\/wp-content\/uploads\/2026\/04\/generated-image-4346c286-2-scaled.jpg","articleSection":["Nacelles \u00e9l\u00e9vatrices"],"inLanguage":"fr-FR"},{"@type":"WebPage","@id":"https:\/\/www.locmachine.fr\/blog\/location-de-nacelle-articulee-a-neuilly-sur-seine-renovation-de-facade-en-hauteur-reussie\/","url":"https:\/\/www.locmachine.fr\/blog\/location-de-nacelle-articulee-a-neuilly-sur-seine-renovation-de-facade-en-hauteur-reussie\/","name":"Nacelle articul\u00e9e Manitou en location Paris IDF - Locmachine - locmachine.fr","isPartOf":{"@id":"https:\/\/www.locmachine.fr\/blog\/#website"},"primaryImageOfPage":{"@id":"https:\/\/www.locmachine.fr\/blog\/location-de-nacelle-articulee-a-neuilly-sur-seine-renovation-de-facade-en-hauteur-reussie\/#primaryimage"},"image":{"@id":"https:\/\/www.locmachine.fr\/blog\/location-de-nacelle-articulee-a-neuilly-sur-seine-renovation-de-facade-en-hauteur-reussie\/#primaryimage"},"thumbnailUrl":"https:\/\/www.locmachine.fr\/blog\/wp-content\/uploads\/2026\/04\/generated-image-4346c286-2-scaled.jpg","datePublished":"2026-04-28T21:20:27+00:00","dateModified":"2026-04-29T00:21:12+00:00","description":"Location nacelle articul\u00e9e \u00e0 Neuilly-sur-Seine : r\u00e9novation de fa\u00e7ade en hauteur avec Locmachine. Livraison rapide en IDF. Devis gratuit au 09 84 13 24 82.","breadcrumb":{"@id":"https:\/\/www.locmachine.fr\/blog\/location-de-nacelle-articulee-a-neuilly-sur-seine-renovation-de-facade-en-hauteur-reussie\/#breadcrumb"},"inLanguage":"fr-FR","potentialAction":[{"@type":"ReadAction","target":["https:\/\/www.locmachine.fr\/blog\/location-de-nacelle-articulee-a-neuilly-sur-seine-renovation-de-facade-en-hauteur-reussie\/"]}]},{"@type":"ImageObject","inLanguage":"fr-FR","@id":"https:\/\/www.locmachine.fr\/blog\/location-de-nacelle-articulee-a-neuilly-sur-seine-renovation-de-facade-en-hauteur-reussie\/#primaryimage","url":"https:\/\/www.locmachine.fr\/blog\/wp-content\/uploads\/2026\/04\/generated-image-4346c286-2-scaled.jpg","contentUrl":"https:\/\/www.locmachine.fr\/blog\/wp-content\/uploads\/2026\/04\/generated-image-4346c286-2-scaled.jpg","width":1919,"height":2560},{"@type":"BreadcrumbList","@id":"https:\/\/www.locmachine.fr\/blog\/location-de-nacelle-articulee-a-neuilly-sur-seine-renovation-de-facade-en-hauteur-reussie\/#breadcrumb","itemListElement":[{"@type":"ListItem","position":1,"name":"Accueil","item":"https:\/\/www.locmachine.fr\/blog\/"},{"@type":"ListItem","position":2,"name":"Nacelle articul\u00e9e Manitou en location Paris IDF &#8211; Locmachine"}]},{"@type":"WebSite","@id":"https:\/\/www.locmachine.fr\/blog\/#website","url":"https:\/\/www.locmachine.fr\/blog\/","name":"locmachine.fr","description":"Un site utilisant WordPress","publisher":{"@id":"https:\/\/www.locmachine.fr\/blog\/#organization"},"potentialAction":[{"@type":"SearchAction","target":{"@type":"EntryPoint","urlTemplate":"https:\/\/www.locmachine.fr\/blog\/?s={search_term_string}"},"query-input":{"@type":"PropertyValueSpecification","valueRequired":true,"valueName":"search_term_string"}}],"inLanguage":"fr-FR"},{"@type":"Organization","@id":"https:\/\/www.locmachine.fr\/blog\/#organization","name":"locmachine.fr","url":"https:\/\/www.locmachine.fr\/blog\/","logo":{"@type":"ImageObject","inLanguage":"fr-FR","@id":"https:\/\/www.locmachine.fr\/blog\/#\/schema\/logo\/image\/","url":"https:\/\/www.locmachine.fr\/blog\/wp-content\/uploads\/2026\/04\/logo-locmachine.jpg","contentUrl":"https:\/\/www.locmachine.fr\/blog\/wp-content\/uploads\/2026\/04\/logo-locmachine.jpg","width":900,"height":900,"caption":"locmachine.fr"},"image":{"@id":"https:\/\/www.locmachine.fr\/blog\/#\/schema\/logo\/image\/"}},{"@type":"Person","@id":"https:\/\/www.locmachine.fr\/blog\/#\/schema\/person\/71a73d798206e90054c02875ab3eb494","name":"alexandre le corre","image":{"@type":"ImageObject","inLanguage":"fr-FR","@id":"https:\/\/secure.gravatar.com\/avatar\/42a15aa03e85ca800be6a495e2b6ee4746614be53869c7d1e1d0975e2609f13b?s=96&d=mm&r=g","url":"https:\/\/secure.gravatar.com\/avatar\/42a15aa03e85ca800be6a495e2b6ee4746614be53869c7d1e1d0975e2609f13b?s=96&d=mm&r=g","contentUrl":"https:\/\/secure.gravatar.com\/avatar\/42a15aa03e85ca800be6a495e2b6ee4746614be53869c7d1e1d0975e2609f13b?s=96&d=mm&r=g","caption":"alexandre le corre"},"description":"Fondateur &amp; Pr\u00e9sident de Locmachine. 12 ans d'exp\u00e9rience dans la location de mat\u00e9riel de levage et d'\u00e9l\u00e9vation. Ancien commercial terrain chez Riwal, puis Directeur G\u00e9n\u00e9ral d\u00e9l\u00e9gu\u00e9 chez Metaloc, Alexandre a fond\u00e9 Locmachine en 2018 avec une conviction : allier expertise technique et r\u00e9activit\u00e9 pour les professionnels du BTP en \u00cele-de-France.","sameAs":["https:\/\/www.locmachine.fr\/blog"],"url":"https:\/\/www.locmachine.fr\/blog\/author\/lecorrealex\/"}]}},"_links":{"self":[{"href":"https:\/\/www.locmachine.fr\/blog\/wp-json\/wp\/v2\/posts\/180","targetHints":{"allow":["GET"]}}],"collection":[{"href":"https:\/\/www.locmachine.fr\/blog\/wp-json\/wp\/v2\/posts"}],"about":[{"href":"https:\/\/www.locmachine.fr\/blog\/wp-json\/wp\/v2\/types\/post"}],"author":[{"embeddable":true,"href":"https:\/\/www.locmachine.fr\/blog\/wp-json\/wp\/v2\/users\/1"}],"replies":[{"embeddable":true,"href":"https:\/\/www.locmachine.fr\/blog\/wp-json\/wp\/v2\/comments?post=180"}],"version-history":[{"count":2,"href":"https:\/\/www.locmachine.fr\/blog\/wp-json\/wp\/v2\/posts\/180\/revisions"}],"predecessor-version":[{"id":185,"href":"https:\/\/www.locmachine.fr\/blog\/wp-json\/wp\/v2\/posts\/180\/revisions\/185"}],"wp:featuredmedia":[{"embeddable":true,"href":"https:\/\/www.locmachine.fr\/blog\/wp-json\/wp\/v2\/media\/184"}],"wp:attachment":[{"href":"https:\/\/www.locmachine.fr\/blog\/wp-json\/wp\/v2\/media?parent=180"}],"wp:term":[{"taxonomy":"category","embeddable":true,"href":"https:\/\/www.locmachine.fr\/blog\/wp-json\/wp\/v2\/categories?post=180"},{"taxonomy":"post_tag","embeddable":true,"href":"https:\/\/www.locmachine.fr\/blog\/wp-json\/wp\/v2\/tags?post=180"}],"curies":[{"name":"wp","href":"https:\/\/api.w.org\/{rel}","templated":true}]}}