{"id":61,"date":"2021-12-13T19:41:09","date_gmt":"2021-12-13T18:41:09","guid":{"rendered":"https:\/\/www.locmachine.fr\/blog\/?p=61"},"modified":"2026-04-29T01:07:30","modified_gmt":"2026-04-28T23:07:30","slug":"nacelle-le-port-du-harnais-est-il-obligatoire","status":"publish","type":"post","link":"https:\/\/www.locmachine.fr\/blog\/nacelle-le-port-du-harnais-est-il-obligatoire\/","title":{"rendered":"Nacelle : le port du harnais est-il obligatoire ?"},"content":{"rendered":"\n<p>Pour un professionnel cette question est quelque peu surprenante, nous aurions tendance \u00e0 r\u00e9pondre que c&rsquo;est comme pour la ceinture de s\u00e9curit\u00e9 en voiture !<\/p>\n\n\n\n<p>La r\u00e9ponse est oui, mais le mieux est de savoir pourquoi, non ?<\/p>\n\n\n\n<p>En effet le harnais a un r\u00f4le primordial et peut sauver la vie de celui qui la manipule, le bras de la nacelle comme il a une certaine longueur peut \u00eatre un acc\u00e9l\u00e9rateur de force, un petit mouvement de la nacelle en bas peut cr\u00e9er un grand mouvement au bout du bras. Comme lorsque l&rsquo;on souhaite d\u00e9visser un \u00e9crou de roues de voiture il est plus ais\u00e9 de le faire avec une grande clef qu&rsquo;avec une petite , il y a moins de force \u00e0 mettre avec une grande.<\/p>\n\n\n\n<p>Mais une r\u00e9ponse en vid\u00e9o vaut plus que de belles paroles :<\/p>\n\n\n\n<figure class=\"wp-block-embed is-type-video is-provider-dailymotion wp-block-embed-dailymotion wp-embed-aspect-4-3 wp-has-aspect-ratio\"><div class=\"wp-block-embed__wrapper\">\n<iframe loading=\"lazy\" title=\"Accsys Accident Nacelle,PEMP,MEWP\" frameborder=\"0\" width=\"580\" height=\"435\" src=\"https:\/\/geo.dailymotion.com\/player.html?video=x21uqy1&#038;\" allowfullscreen allow=\"autoplay; fullscreen; picture-in-picture; web-share\"><\/iframe>\n<\/div><\/figure>\n\n\n\n<p>Dans cette vid\u00e9o, l&rsquo;op\u00e9rateur est litt\u00e9ralement \u00e9ject\u00e9 du panier de la nacelle et retombe \u00e0 plusieurs m\u00e8tres, s&rsquo;il avait mis son harnais il serait rest\u00e9 accroch\u00e9 \u00e0 la nacelle.<\/p>\n\n\n\n<p>Voici un autre cas de figure o\u00f9 la nacelle se d\u00e9stabilise et se met sur le c\u00f4t\u00e9 en \u00e9jectant les op\u00e9rateurs du panier, heureusement ils avaient leur harnais et ont \u00e9vit\u00e9 une chute de plusieurs m\u00e8tres :<\/p>\n\n\n\n<figure class=\"wp-block-embed is-type-wp-embed is-provider-koreus wp-block-embed-koreus\"><div class=\"wp-block-embed__wrapper\">\n<iframe loading=\"lazy\" class=\"wp-embedded-content\" sandbox=\"allow-scripts\" security=\"restricted\" title=\"Chute d&#039;une nacelle \u00e9l\u00e9vatrice\" width=\"560\" height=\"315\" src=\"https:\/\/www.koreus.com\/embed\/chute-nacelle-elevatrice#?secret=RnSuRTC51l\" data-secret=\"RnSuRTC51l\" frameborder=\"0\"><\/iframe>\n<\/div><\/figure>\n\n\n\n<p> <\/p>\n\n\n\n<p>Alors n&rsquo;h\u00e9sitez plus, mettez votre harnais syst\u00e9matiquement m\u00eame si cela peut \u00eatre contraignant, un emplacement sous le poste de contr\u00f4le est pr\u00e9vu \u00e0 cet effet.<\/p>\n","protected":false},"excerpt":{"rendered":"<p>Vous vous demandez si il est n\u00e9cessaire ou utile d&rsquo;avoir un harnais en conduisant une nacelle?<br \/>\nla r\u00e9ponse en image !!<\/p>\n","protected":false},"author":1,"featured_media":54,"comment_status":"open","ping_status":"open","sticky":false,"template":"","format":"standard","meta":{"footnotes":""},"categories":[37],"tags":[16,14,3,15],"class_list":["post-61","post","type-post","status-publish","format-standard","has-post-thumbnail","hentry","category-nacelles-elevatrices","tag-epi","tag-harnais","tag-nacelle","tag-obligatoire"],"yoast_head":"<!-- This site is optimized with the Yoast SEO plugin v27.5 - https:\/\/yoast.com\/product\/yoast-seo-wordpress\/ -->\n<title>Nacelle : le port du harnais est-il obligatoire ? - locmachine.fr<\/title>\n<meta name=\"robots\" content=\"index, follow, max-snippet:-1, max-image-preview:large, max-video-preview:-1\" \/>\n<link rel=\"canonical\" href=\"https:\/\/www.locmachine.fr\/blog\/nacelle-le-port-du-harnais-est-il-obligatoire\/\" \/>\n<meta property=\"og:locale\" content=\"fr_FR\" \/>\n<meta property=\"og:type\" content=\"article\" \/>\n<meta property=\"og:title\" content=\"Nacelle : le port du harnais est-il obligatoire ? - locmachine.fr\" \/>\n<meta property=\"og:description\" content=\"Vous vous demandez si il est n\u00e9cessaire ou utile d&#039;avoir un harnais en conduisant une nacelle? la r\u00e9ponse en image !!\" \/>\n<meta property=\"og:url\" content=\"https:\/\/www.locmachine.fr\/blog\/nacelle-le-port-du-harnais-est-il-obligatoire\/\" \/>\n<meta property=\"og:site_name\" content=\"locmachine.fr\" \/>\n<meta property=\"article:published_time\" content=\"2021-12-13T18:41:09+00:00\" \/>\n<meta property=\"article:modified_time\" content=\"2026-04-28T23:07:30+00:00\" \/>\n<meta property=\"og:image\" content=\"https:\/\/www.locmachine.fr\/blog\/wp-content\/uploads\/2021\/12\/caces-nacelle.jpeg\" \/>\n\t<meta property=\"og:image:width\" content=\"370\" \/>\n\t<meta property=\"og:image:height\" content=\"380\" \/>\n\t<meta property=\"og:image:type\" content=\"image\/jpeg\" \/>\n<meta name=\"author\" content=\"alexandre le corre\" \/>\n<meta name=\"twitter:card\" content=\"summary_large_image\" \/>\n<meta name=\"twitter:label1\" content=\"\u00c9crit par\" \/>\n\t<meta name=\"twitter:data1\" content=\"alexandre le corre\" \/>\n\t<meta name=\"twitter:label2\" content=\"Dur\u00e9e de lecture estim\u00e9e\" \/>\n\t<meta name=\"twitter:data2\" content=\"1 minute\" \/>\n<script type=\"application\/ld+json\" class=\"yoast-schema-graph\">{\"@context\":\"https:\\\/\\\/schema.org\",\"@graph\":[{\"@type\":\"Article\",\"@id\":\"https:\\\/\\\/www.locmachine.fr\\\/blog\\\/nacelle-le-port-du-harnais-est-il-obligatoire\\\/#article\",\"isPartOf\":{\"@id\":\"https:\\\/\\\/www.locmachine.fr\\\/blog\\\/nacelle-le-port-du-harnais-est-il-obligatoire\\\/\"},\"author\":{\"name\":\"alexandre le corre\",\"@id\":\"https:\\\/\\\/www.locmachine.fr\\\/blog\\\/#\\\/schema\\\/person\\\/71a73d798206e90054c02875ab3eb494\"},\"headline\":\"Nacelle : le port du harnais est-il obligatoire ?\",\"datePublished\":\"2021-12-13T18:41:09+00:00\",\"dateModified\":\"2026-04-28T23:07:30+00:00\",\"mainEntityOfPage\":{\"@id\":\"https:\\\/\\\/www.locmachine.fr\\\/blog\\\/nacelle-le-port-du-harnais-est-il-obligatoire\\\/\"},\"wordCount\":264,\"commentCount\":0,\"publisher\":{\"@id\":\"https:\\\/\\\/www.locmachine.fr\\\/blog\\\/#organization\"},\"image\":{\"@id\":\"https:\\\/\\\/www.locmachine.fr\\\/blog\\\/nacelle-le-port-du-harnais-est-il-obligatoire\\\/#primaryimage\"},\"thumbnailUrl\":\"https:\\\/\\\/www.locmachine.fr\\\/blog\\\/wp-content\\\/uploads\\\/2021\\\/12\\\/caces-nacelle.jpeg\",\"keywords\":[\"epi\",\"harnais\",\"Nacelle\",\"obligatoire\"],\"articleSection\":[\"Nacelles \u00e9l\u00e9vatrices\"],\"inLanguage\":\"fr-FR\",\"potentialAction\":[{\"@type\":\"CommentAction\",\"name\":\"Comment\",\"target\":[\"https:\\\/\\\/www.locmachine.fr\\\/blog\\\/nacelle-le-port-du-harnais-est-il-obligatoire\\\/#respond\"]}]},{\"@type\":\"WebPage\",\"@id\":\"https:\\\/\\\/www.locmachine.fr\\\/blog\\\/nacelle-le-port-du-harnais-est-il-obligatoire\\\/\",\"url\":\"https:\\\/\\\/www.locmachine.fr\\\/blog\\\/nacelle-le-port-du-harnais-est-il-obligatoire\\\/\",\"name\":\"Nacelle : le port du harnais est-il obligatoire ? - locmachine.fr\",\"isPartOf\":{\"@id\":\"https:\\\/\\\/www.locmachine.fr\\\/blog\\\/#website\"},\"primaryImageOfPage\":{\"@id\":\"https:\\\/\\\/www.locmachine.fr\\\/blog\\\/nacelle-le-port-du-harnais-est-il-obligatoire\\\/#primaryimage\"},\"image\":{\"@id\":\"https:\\\/\\\/www.locmachine.fr\\\/blog\\\/nacelle-le-port-du-harnais-est-il-obligatoire\\\/#primaryimage\"},\"thumbnailUrl\":\"https:\\\/\\\/www.locmachine.fr\\\/blog\\\/wp-content\\\/uploads\\\/2021\\\/12\\\/caces-nacelle.jpeg\",\"datePublished\":\"2021-12-13T18:41:09+00:00\",\"dateModified\":\"2026-04-28T23:07:30+00:00\",\"breadcrumb\":{\"@id\":\"https:\\\/\\\/www.locmachine.fr\\\/blog\\\/nacelle-le-port-du-harnais-est-il-obligatoire\\\/#breadcrumb\"},\"inLanguage\":\"fr-FR\",\"potentialAction\":[{\"@type\":\"ReadAction\",\"target\":[\"https:\\\/\\\/www.locmachine.fr\\\/blog\\\/nacelle-le-port-du-harnais-est-il-obligatoire\\\/\"]}]},{\"@type\":\"ImageObject\",\"inLanguage\":\"fr-FR\",\"@id\":\"https:\\\/\\\/www.locmachine.fr\\\/blog\\\/nacelle-le-port-du-harnais-est-il-obligatoire\\\/#primaryimage\",\"url\":\"https:\\\/\\\/www.locmachine.fr\\\/blog\\\/wp-content\\\/uploads\\\/2021\\\/12\\\/caces-nacelle.jpeg\",\"contentUrl\":\"https:\\\/\\\/www.locmachine.fr\\\/blog\\\/wp-content\\\/uploads\\\/2021\\\/12\\\/caces-nacelle.jpeg\",\"width\":370,\"height\":380,\"caption\":\"differents caces nacelle\"},{\"@type\":\"BreadcrumbList\",\"@id\":\"https:\\\/\\\/www.locmachine.fr\\\/blog\\\/nacelle-le-port-du-harnais-est-il-obligatoire\\\/#breadcrumb\",\"itemListElement\":[{\"@type\":\"ListItem\",\"position\":1,\"name\":\"Accueil\",\"item\":\"https:\\\/\\\/www.locmachine.fr\\\/blog\\\/\"},{\"@type\":\"ListItem\",\"position\":2,\"name\":\"Nacelle : le port du harnais est-il obligatoire ?\"}]},{\"@type\":\"WebSite\",\"@id\":\"https:\\\/\\\/www.locmachine.fr\\\/blog\\\/#website\",\"url\":\"https:\\\/\\\/www.locmachine.fr\\\/blog\\\/\",\"name\":\"locmachine.fr\",\"description\":\"Un site utilisant WordPress\",\"publisher\":{\"@id\":\"https:\\\/\\\/www.locmachine.fr\\\/blog\\\/#organization\"},\"potentialAction\":[{\"@type\":\"SearchAction\",\"target\":{\"@type\":\"EntryPoint\",\"urlTemplate\":\"https:\\\/\\\/www.locmachine.fr\\\/blog\\\/?s={search_term_string}\"},\"query-input\":{\"@type\":\"PropertyValueSpecification\",\"valueRequired\":true,\"valueName\":\"search_term_string\"}}],\"inLanguage\":\"fr-FR\"},{\"@type\":\"Organization\",\"@id\":\"https:\\\/\\\/www.locmachine.fr\\\/blog\\\/#organization\",\"name\":\"locmachine.fr\",\"url\":\"https:\\\/\\\/www.locmachine.fr\\\/blog\\\/\",\"logo\":{\"@type\":\"ImageObject\",\"inLanguage\":\"fr-FR\",\"@id\":\"https:\\\/\\\/www.locmachine.fr\\\/blog\\\/#\\\/schema\\\/logo\\\/image\\\/\",\"url\":\"https:\\\/\\\/www.locmachine.fr\\\/blog\\\/wp-content\\\/uploads\\\/2026\\\/04\\\/logo-locmachine.jpg\",\"contentUrl\":\"https:\\\/\\\/www.locmachine.fr\\\/blog\\\/wp-content\\\/uploads\\\/2026\\\/04\\\/logo-locmachine.jpg\",\"width\":900,\"height\":900,\"caption\":\"locmachine.fr\"},\"image\":{\"@id\":\"https:\\\/\\\/www.locmachine.fr\\\/blog\\\/#\\\/schema\\\/logo\\\/image\\\/\"}},{\"@type\":\"Person\",\"@id\":\"https:\\\/\\\/www.locmachine.fr\\\/blog\\\/#\\\/schema\\\/person\\\/71a73d798206e90054c02875ab3eb494\",\"name\":\"alexandre le corre\",\"image\":{\"@type\":\"ImageObject\",\"inLanguage\":\"fr-FR\",\"@id\":\"https:\\\/\\\/secure.gravatar.com\\\/avatar\\\/42a15aa03e85ca800be6a495e2b6ee4746614be53869c7d1e1d0975e2609f13b?s=96&d=mm&r=g\",\"url\":\"https:\\\/\\\/secure.gravatar.com\\\/avatar\\\/42a15aa03e85ca800be6a495e2b6ee4746614be53869c7d1e1d0975e2609f13b?s=96&d=mm&r=g\",\"contentUrl\":\"https:\\\/\\\/secure.gravatar.com\\\/avatar\\\/42a15aa03e85ca800be6a495e2b6ee4746614be53869c7d1e1d0975e2609f13b?s=96&d=mm&r=g\",\"caption\":\"alexandre le corre\"},\"description\":\"Fondateur &amp; Pr\u00e9sident de Locmachine. 12 ans d'exp\u00e9rience dans la location de mat\u00e9riel de levage et d'\u00e9l\u00e9vation. Ancien commercial terrain chez Riwal, puis Directeur G\u00e9n\u00e9ral d\u00e9l\u00e9gu\u00e9 chez Metaloc, Alexandre a fond\u00e9 Locmachine en 2018 avec une conviction : allier expertise technique et r\u00e9activit\u00e9 pour les professionnels du BTP en \u00cele-de-France.\",\"sameAs\":[\"https:\\\/\\\/www.locmachine.fr\\\/blog\"],\"url\":\"https:\\\/\\\/www.locmachine.fr\\\/blog\\\/author\\\/lecorrealex\\\/\"}]}<\/script>\n<!-- \/ Yoast SEO plugin. -->","yoast_head_json":{"title":"Nacelle : le port du harnais est-il obligatoire ? - locmachine.fr","robots":{"index":"index","follow":"follow","max-snippet":"max-snippet:-1","max-image-preview":"max-image-preview:large","max-video-preview":"max-video-preview:-1"},"canonical":"https:\/\/www.locmachine.fr\/blog\/nacelle-le-port-du-harnais-est-il-obligatoire\/","og_locale":"fr_FR","og_type":"article","og_title":"Nacelle : le port du harnais est-il obligatoire ? - locmachine.fr","og_description":"Vous vous demandez si il est n\u00e9cessaire ou utile d'avoir un harnais en conduisant une nacelle? la r\u00e9ponse en image !!","og_url":"https:\/\/www.locmachine.fr\/blog\/nacelle-le-port-du-harnais-est-il-obligatoire\/","og_site_name":"locmachine.fr","article_published_time":"2021-12-13T18:41:09+00:00","article_modified_time":"2026-04-28T23:07:30+00:00","og_image":[{"width":370,"height":380,"url":"https:\/\/www.locmachine.fr\/blog\/wp-content\/uploads\/2021\/12\/caces-nacelle.jpeg","type":"image\/jpeg"}],"author":"alexandre le corre","twitter_card":"summary_large_image","twitter_misc":{"\u00c9crit par":"alexandre le corre","Dur\u00e9e de lecture estim\u00e9e":"1 minute"},"schema":{"@context":"https:\/\/schema.org","@graph":[{"@type":"Article","@id":"https:\/\/www.locmachine.fr\/blog\/nacelle-le-port-du-harnais-est-il-obligatoire\/#article","isPartOf":{"@id":"https:\/\/www.locmachine.fr\/blog\/nacelle-le-port-du-harnais-est-il-obligatoire\/"},"author":{"name":"alexandre le corre","@id":"https:\/\/www.locmachine.fr\/blog\/#\/schema\/person\/71a73d798206e90054c02875ab3eb494"},"headline":"Nacelle : le port du harnais est-il obligatoire ?","datePublished":"2021-12-13T18:41:09+00:00","dateModified":"2026-04-28T23:07:30+00:00","mainEntityOfPage":{"@id":"https:\/\/www.locmachine.fr\/blog\/nacelle-le-port-du-harnais-est-il-obligatoire\/"},"wordCount":264,"commentCount":0,"publisher":{"@id":"https:\/\/www.locmachine.fr\/blog\/#organization"},"image":{"@id":"https:\/\/www.locmachine.fr\/blog\/nacelle-le-port-du-harnais-est-il-obligatoire\/#primaryimage"},"thumbnailUrl":"https:\/\/www.locmachine.fr\/blog\/wp-content\/uploads\/2021\/12\/caces-nacelle.jpeg","keywords":["epi","harnais","Nacelle","obligatoire"],"articleSection":["Nacelles \u00e9l\u00e9vatrices"],"inLanguage":"fr-FR","potentialAction":[{"@type":"CommentAction","name":"Comment","target":["https:\/\/www.locmachine.fr\/blog\/nacelle-le-port-du-harnais-est-il-obligatoire\/#respond"]}]},{"@type":"WebPage","@id":"https:\/\/www.locmachine.fr\/blog\/nacelle-le-port-du-harnais-est-il-obligatoire\/","url":"https:\/\/www.locmachine.fr\/blog\/nacelle-le-port-du-harnais-est-il-obligatoire\/","name":"Nacelle : le port du harnais est-il obligatoire ? - locmachine.fr","isPartOf":{"@id":"https:\/\/www.locmachine.fr\/blog\/#website"},"primaryImageOfPage":{"@id":"https:\/\/www.locmachine.fr\/blog\/nacelle-le-port-du-harnais-est-il-obligatoire\/#primaryimage"},"image":{"@id":"https:\/\/www.locmachine.fr\/blog\/nacelle-le-port-du-harnais-est-il-obligatoire\/#primaryimage"},"thumbnailUrl":"https:\/\/www.locmachine.fr\/blog\/wp-content\/uploads\/2021\/12\/caces-nacelle.jpeg","datePublished":"2021-12-13T18:41:09+00:00","dateModified":"2026-04-28T23:07:30+00:00","breadcrumb":{"@id":"https:\/\/www.locmachine.fr\/blog\/nacelle-le-port-du-harnais-est-il-obligatoire\/#breadcrumb"},"inLanguage":"fr-FR","potentialAction":[{"@type":"ReadAction","target":["https:\/\/www.locmachine.fr\/blog\/nacelle-le-port-du-harnais-est-il-obligatoire\/"]}]},{"@type":"ImageObject","inLanguage":"fr-FR","@id":"https:\/\/www.locmachine.fr\/blog\/nacelle-le-port-du-harnais-est-il-obligatoire\/#primaryimage","url":"https:\/\/www.locmachine.fr\/blog\/wp-content\/uploads\/2021\/12\/caces-nacelle.jpeg","contentUrl":"https:\/\/www.locmachine.fr\/blog\/wp-content\/uploads\/2021\/12\/caces-nacelle.jpeg","width":370,"height":380,"caption":"differents caces nacelle"},{"@type":"BreadcrumbList","@id":"https:\/\/www.locmachine.fr\/blog\/nacelle-le-port-du-harnais-est-il-obligatoire\/#breadcrumb","itemListElement":[{"@type":"ListItem","position":1,"name":"Accueil","item":"https:\/\/www.locmachine.fr\/blog\/"},{"@type":"ListItem","position":2,"name":"Nacelle : le port du harnais est-il obligatoire ?"}]},{"@type":"WebSite","@id":"https:\/\/www.locmachine.fr\/blog\/#website","url":"https:\/\/www.locmachine.fr\/blog\/","name":"locmachine.fr","description":"Un site utilisant WordPress","publisher":{"@id":"https:\/\/www.locmachine.fr\/blog\/#organization"},"potentialAction":[{"@type":"SearchAction","target":{"@type":"EntryPoint","urlTemplate":"https:\/\/www.locmachine.fr\/blog\/?s={search_term_string}"},"query-input":{"@type":"PropertyValueSpecification","valueRequired":true,"valueName":"search_term_string"}}],"inLanguage":"fr-FR"},{"@type":"Organization","@id":"https:\/\/www.locmachine.fr\/blog\/#organization","name":"locmachine.fr","url":"https:\/\/www.locmachine.fr\/blog\/","logo":{"@type":"ImageObject","inLanguage":"fr-FR","@id":"https:\/\/www.locmachine.fr\/blog\/#\/schema\/logo\/image\/","url":"https:\/\/www.locmachine.fr\/blog\/wp-content\/uploads\/2026\/04\/logo-locmachine.jpg","contentUrl":"https:\/\/www.locmachine.fr\/blog\/wp-content\/uploads\/2026\/04\/logo-locmachine.jpg","width":900,"height":900,"caption":"locmachine.fr"},"image":{"@id":"https:\/\/www.locmachine.fr\/blog\/#\/schema\/logo\/image\/"}},{"@type":"Person","@id":"https:\/\/www.locmachine.fr\/blog\/#\/schema\/person\/71a73d798206e90054c02875ab3eb494","name":"alexandre le corre","image":{"@type":"ImageObject","inLanguage":"fr-FR","@id":"https:\/\/secure.gravatar.com\/avatar\/42a15aa03e85ca800be6a495e2b6ee4746614be53869c7d1e1d0975e2609f13b?s=96&d=mm&r=g","url":"https:\/\/secure.gravatar.com\/avatar\/42a15aa03e85ca800be6a495e2b6ee4746614be53869c7d1e1d0975e2609f13b?s=96&d=mm&r=g","contentUrl":"https:\/\/secure.gravatar.com\/avatar\/42a15aa03e85ca800be6a495e2b6ee4746614be53869c7d1e1d0975e2609f13b?s=96&d=mm&r=g","caption":"alexandre le corre"},"description":"Fondateur &amp; Pr\u00e9sident de Locmachine. 12 ans d'exp\u00e9rience dans la location de mat\u00e9riel de levage et d'\u00e9l\u00e9vation. Ancien commercial terrain chez Riwal, puis Directeur G\u00e9n\u00e9ral d\u00e9l\u00e9gu\u00e9 chez Metaloc, Alexandre a fond\u00e9 Locmachine en 2018 avec une conviction : allier expertise technique et r\u00e9activit\u00e9 pour les professionnels du BTP en \u00cele-de-France.","sameAs":["https:\/\/www.locmachine.fr\/blog"],"url":"https:\/\/www.locmachine.fr\/blog\/author\/lecorrealex\/"}]}},"_links":{"self":[{"href":"https:\/\/www.locmachine.fr\/blog\/wp-json\/wp\/v2\/posts\/61","targetHints":{"allow":["GET"]}}],"collection":[{"href":"https:\/\/www.locmachine.fr\/blog\/wp-json\/wp\/v2\/posts"}],"about":[{"href":"https:\/\/www.locmachine.fr\/blog\/wp-json\/wp\/v2\/types\/post"}],"author":[{"embeddable":true,"href":"https:\/\/www.locmachine.fr\/blog\/wp-json\/wp\/v2\/users\/1"}],"replies":[{"embeddable":true,"href":"https:\/\/www.locmachine.fr\/blog\/wp-json\/wp\/v2\/comments?post=61"}],"version-history":[{"count":6,"href":"https:\/\/www.locmachine.fr\/blog\/wp-json\/wp\/v2\/posts\/61\/revisions"}],"predecessor-version":[{"id":156,"href":"https:\/\/www.locmachine.fr\/blog\/wp-json\/wp\/v2\/posts\/61\/revisions\/156"}],"wp:featuredmedia":[{"embeddable":true,"href":"https:\/\/www.locmachine.fr\/blog\/wp-json\/wp\/v2\/media\/54"}],"wp:attachment":[{"href":"https:\/\/www.locmachine.fr\/blog\/wp-json\/wp\/v2\/media?parent=61"}],"wp:term":[{"taxonomy":"category","embeddable":true,"href":"https:\/\/www.locmachine.fr\/blog\/wp-json\/wp\/v2\/categories?post=61"},{"taxonomy":"post_tag","embeddable":true,"href":"https:\/\/www.locmachine.fr\/blog\/wp-json\/wp\/v2\/tags?post=61"}],"curies":[{"name":"wp","href":"https:\/\/api.w.org\/{rel}","templated":true}]}}